{"id":17150,"date":"2024-08-05T10:18:00","date_gmt":"2024-08-05T13:18:00","guid":{"rendered":"https:\/\/diariorepublica.com.ar\/web\/?p=17150"},"modified":"2024-08-05T11:23:03","modified_gmt":"2024-08-05T14:23:03","slug":"segun-la-uca-la-pobreza-llego-al-546-y-la-indigencia-afecta-a-1-de-cada-5-argentino","status":"publish","type":"post","link":"https:\/\/diariorepublica.com.ar\/web\/index.php\/economia\/2024\/08\/05\/segun-la-uca-la-pobreza-llego-al-546-y-la-indigencia-afecta-a-1-de-cada-5-argentino\/","title":{"rendered":"Seg\u00fan la UCA, la pobreza lleg\u00f3 al 54,6% y la indigencia afecta a 1 de cada 5 argentino"},"content":{"rendered":"<article id=\"article-post\" class=\"first\">\n<div class=\"cuerpo\" data-twitter-link=\"https:\/\/twitter.com\/intent\/tweet?url=https:\/\/www.diariopopular.com.ar\/c799407&amp;via=poopulardiario&amp;related=Popular&amp;text=\">\n<p>La recesi\u00f3n hace estragos en la Argentina y el Observatorio de la Deuda Social Argentina (ODSA) dirigido por la Universidad Cat\u00f3lica Argentina (UCA) destaca que el \u00edndice de<strong>\u00a0pobreza lleg\u00f3 al 54,9% y la indigencia al 20,3%<\/strong>\u00a0durante el primer trimestre de 2024.<\/p>\n<\/div>\n<\/article>\n<article id=\"article-post\">\n<div class=\"cuerpo\" data-twitter-link=\"https:\/\/twitter.com\/intent\/tweet?url=https:\/\/www.diariopopular.com.ar\/c799407&amp;via=poopulardiario&amp;related=Popular&amp;text=\">\n<p>Las fuentes oficiales citadas utilizan la base de datos de la Encuesta Permanente de Hogares (EPH) publicada por el Indec. Dentro de su \u00faltimo informe, el OSDA ya hab\u00eda aseverado que<strong>\u00a0la pobreza alcanzaba al 55,5% y la indigencia al 18,5% del pa\u00eds.<\/strong><\/p>\n<p>Ahora que los datos oficiales se han revelado, el organismo conducido por Marco Lavagna\u00a0<strong>ratific\u00f3 su cifra<\/strong>\u00a0de indigencia, elev\u00e1ndose al 20,3%. Datos por encima del cuarto trimestre de 2023 donde los pobres abarcaban al 45,2% de la poblaci\u00f3n, y la indigencia al 14,6%.<\/p>\n<p>Adem\u00e1s, los datos son a\u00fan m\u00e1s relevantes cuando se los compara con los del primer semestre de 2023, donde los hogares pobres eran del 29,6% (40,1% de las personas) y la indigencia estaba en 6,8% (9,3% de las personas). Lo que muestra\u00a0<strong>un aumento de 14,8% en cuanto a las personas pobres y un 11% para la indigencia en 9 meses,\u00a0<\/strong>7 de ellos bajo el gobierno de Javier Milei.<\/p>\n<p>Desglosando los datos, el aglomerado urbano m\u00e1s pobre del pa\u00eds es Gran Resistencia, Chaco, donde el \u00edndice escala al hasta el 79,5% en pobreza y la indigencia al 38,6%. En contrapartida, la Ciudad de Buenos Aires registra el menor nivel de pobres del pa\u00eds con un 25,5% y una indigencia del 8,5%.<\/p>\n<h6>Niveles de Pobreza por Aglomerado Urbano &#8211; Primer Trimestre de 2024<\/h6>\n<ul>\n<li>Gran Resistencia: 79,5%<\/li>\n<li>Formosa: 72,1%<\/li>\n<li>La Rioja: 68,0%<\/li>\n<li>S. del Estero\/La Banda: 67,1%<\/li>\n<li>Concordia: 67,0%<\/li>\n<li>Partidos del GBA: 61,9%<\/li>\n<li>Gran Santa Fe: 60,6%<\/li>\n<li>Gran Tucum\u00e1n\/Taf\u00ed Viejo: 60,2%<\/li>\n<li>Gran San Juan: 58,0%<\/li>\n<li>Gran Catamarca: 57,3%<\/li>\n<li>Viedma\/Carmen de Patagones: 57,1%<\/li>\n<li>Salta: 56,8%<\/li>\n<li>Rawson\/Trelew: 56,5%<\/li>\n<li>Corrientes: 55,7%<\/li>\n<li>Posadas: 55,7%<\/li>\n<li>Jujuy\/Palpal\u00e1: 54,1%<\/li>\n<li>R\u00edo Gallegos: 53,8%<\/li>\n<li>R\u00edo Cuarto: 53,5%<\/li>\n<li>Gran Mendoza: 52,5%<\/li>\n<li>Gran La Plata: 52,4%<\/li>\n<li>Mar del Plata\/Bat\u00e1n: 52,2%<\/li>\n<li>San Nicol\u00e1s\/Villa Constituci\u00f3n: 52,2%<\/li>\n<li>Gran C\u00f3rdoba: 50,7%<\/li>\n<li>Cdro. Rivadavia\/Rada Tilly: 50,5%<\/li>\n<li>Gran Paran\u00e1: 50,5%<\/li>\n<li>Gran Rosario: 49,1%<\/li>\n<li>San Luis\/El Chorrillo: 48,3%<\/li>\n<li>Ushuaia\/Rio Grande: 47,6%<\/li>\n<li>Bah\u00eda Blanca\/Cerri: 45,8%<\/li>\n<li>Neuqu\u00e9n\/Plottier: 36,6%<\/li>\n<li>Santa Rosa\/Toay: 36,2%<\/li>\n<li>Ciudad de Buenos Aires: 25,4%<\/li>\n<\/ul>\n<p class=\"\">Total Pa\u00eds: 54,9%<\/p>\n<h6>Niveles de Indigencia por Aglomerado Urbano &#8211; Primer Trimestre de 2024<\/h6>\n<ul>\n<li>Gran Resistencia: 38,6%<\/li>\n<li>S. del Estero\/La Banda: 29,9%<\/li>\n<li>Concordia: 25,7%<\/li>\n<li>Partidos del GBA: 25,1%<\/li>\n<li>Formosa: 24,0%<\/li>\n<li>San Nicol\u00e1s\/Villa Constituci\u00f3n: 21,9%<\/li>\n<li>Gran Rosario: 21,4%<\/li>\n<li>Posadas: 20,7%<\/li>\n<li>Gran La Plata: 20,1%<\/li>\n<li>Gran Tucum\u00e1n\/Taf\u00ed Viejo: 19,7%<\/li>\n<li>Jujuy\/Palpal\u00e1: 19,5%<\/li>\n<li>Gran San Juan: 19,2%<\/li>\n<li>Salta: 19,2%<\/li>\n<li>Gran Santa Fe: 18,3%<\/li>\n<li>Gran C\u00f3rdoba: 16,8%<\/li>\n<li>Gran Catamarca: 16,4%<\/li>\n<li>Santa Rosa\/Toay: 15,8%<\/li>\n<li>Rawson\/Trelew: 15,4%<\/li>\n<li>La Rioja: 15,1%<\/li>\n<li>Corrientes: 15,0%<\/li>\n<li>Gran Mendoza: 14,2%<\/li>\n<li>Bah\u00eda Blanca\/Cerri: 14,1%<\/li>\n<li>Cdro. Rivadavia\/Rada Tilly: 14,1%<\/li>\n<li>Neuqu\u00e9n\/Plottier: 14,0%<\/li>\n<li>Viedma\/Carmen de Patagones: 13,6%<\/li>\n<li>Gran Paran\u00e1: 13,4%<\/li>\n<li>R\u00edo Cuarto: 13,2%<\/li>\n<li>R\u00edo Gallegos: 11,8%<\/li>\n<li>Ushuaia\/R\u00edo Grande: 11,2%<\/li>\n<li>Mar del Plata\/Bat\u00e1n: 10,2%<\/li>\n<li>San Luis\/El Chorrillo: 9,0%<\/li>\n<li>Ciudad de Buenos Aires: 8,5%<\/li>\n<\/ul>\n<p class=\"\">Total Pa\u00eds: 20,3%<\/p>\n<\/div>\n<\/article>\n","protected":false},"excerpt":{"rendered":"<p>La recesi\u00f3n hace estragos en la Argentina y el Observatorio de la Deuda Social Argentina (ODSA) dirigido por la Universidad<\/p>\n","protected":false},"author":1,"featured_media":17151,"comment_status":"closed","ping_status":"closed","sticky":false,"template":"","format":"standard","meta":{"footnotes":"","jetpack_publicize_message":"","jetpack_publicize_feature_enabled":true,"jetpack_social_post_already_shared":true,"jetpack_social_options":{"image_generator_settings":{"template":"highway","enabled":false},"version":2}},"categories":[5],"tags":[],"class_list":["post-17150","post","type-post","status-publish","format-standard","has-post-thumbnail","hentry","category-economia"],"jetpack_publicize_connections":[],"_links":{"self":[{"href":"https:\/\/diariorepublica.com.ar\/web\/index.php\/wp-json\/wp\/v2\/posts\/17150"}],"collection":[{"href":"https:\/\/diariorepublica.com.ar\/web\/index.php\/wp-json\/wp\/v2\/posts"}],"about":[{"href":"https:\/\/diariorepublica.com.ar\/web\/index.php\/wp-json\/wp\/v2\/types\/post"}],"author":[{"embeddable":true,"href":"https:\/\/diariorepublica.com.ar\/web\/index.php\/wp-json\/wp\/v2\/users\/1"}],"replies":[{"embeddable":true,"href":"https:\/\/diariorepublica.com.ar\/web\/index.php\/wp-json\/wp\/v2\/comments?post=17150"}],"version-history":[{"count":1,"href":"https:\/\/diariorepublica.com.ar\/web\/index.php\/wp-json\/wp\/v2\/posts\/17150\/revisions"}],"predecessor-version":[{"id":17152,"href":"https:\/\/diariorepublica.com.ar\/web\/index.php\/wp-json\/wp\/v2\/posts\/17150\/revisions\/17152"}],"wp:featuredmedia":[{"embeddable":true,"href":"https:\/\/diariorepublica.com.ar\/web\/index.php\/wp-json\/wp\/v2\/media\/17151"}],"wp:attachment":[{"href":"https:\/\/diariorepublica.com.ar\/web\/index.php\/wp-json\/wp\/v2\/media?parent=17150"}],"wp:term":[{"taxonomy":"category","embeddable":true,"href":"https:\/\/diariorepublica.com.ar\/web\/index.php\/wp-json\/wp\/v2\/categories?post=17150"},{"taxonomy":"post_tag","embeddable":true,"href":"https:\/\/diariorepublica.com.ar\/web\/index.php\/wp-json\/wp\/v2\/tags?post=17150"}],"curies":[{"name":"wp","href":"https:\/\/api.w.org\/{rel}","templated":true}]}}