{"id":17247,"date":"2024-08-09T18:00:00","date_gmt":"2024-08-09T21:00:00","guid":{"rendered":"https:\/\/diariorepublica.com.ar\/web\/?p=17247"},"modified":"2024-08-09T18:22:34","modified_gmt":"2024-08-09T21:22:34","slug":"sortearon-la-causa-de-violencia-contra-fernandez-y-volvio-a-quedar-a-cargo-de-ercolini","status":"publish","type":"post","link":"https:\/\/diariorepublica.com.ar\/web\/index.php\/nacionales\/2024\/08\/09\/sortearon-la-causa-de-violencia-contra-fernandez-y-volvio-a-quedar-a-cargo-de-ercolini\/","title":{"rendered":"Sortearon la causa de violencia contra Fern\u00e1ndez y volvi\u00f3 a quedar a cargo de Ercolini"},"content":{"rendered":"<p>La causa contra el expresidente\u00a0<strong>Alberto Fern\u00e1ndez<\/strong>\u00a0por violencia de g\u00e9nero fue sorteada\u00a0este viernes\u00a0y qued\u00f3 nuevamente en manos del juez\u00a0<strong>Juli\u00e1n Ercolini<\/strong>, a cargo del Juzgado Criminal y Correccional Federal 10.<\/p>\n<p>El expediente 2539\/2024, que hab\u00eda tenido su origen en el Juzgado Criminal y Correccional Federal 11, que Ercolini subroga, fue sorteado y recay\u00f3 en el juzgado de origen del mismo magistrado, seg\u00fan supo la Agencia Noticias Argentinas de fuentes oficiales.<\/p>\n<p>El legajo fue extra\u00eddo de la causa de origen sobre supuestas irregularidades en el contrato de seguros durante la gesti\u00f3n de Fern\u00e1ndez, despu\u00e9s de que en el transcurso de esa investigaci\u00f3n se hallaran en un celular incautado pruebas de la presunta agresi\u00f3n del exmandatario a la ex primera dama\u00a0<strong>Fabiola Y\u00e1\u00f1ez<\/strong>.<\/p>\n<p>El fiscal Carlos R\u00edvolo, a cargo de la causa de los seguros, instruy\u00f3 el sorteo para el nuevo expediente, que recay\u00f3 en el Juzgado 10, a cargo de Ercolini.<\/p>\n<p>Con el cambio de juzgado,\u00a0<strong>el fiscal que intervendr\u00e1 ahora es Ramiro Gonz\u00e1lez, y el expresidente fue notificado de la nueva car\u00e1tula<\/strong>.<\/p>\n<p>Y\u00e1\u00f1ez denunci\u00f3 el martes \u00faltimo a Fern\u00e1ndez por \u00abviolencia f\u00edsica y \u00abterrorismo psicol\u00f3gico\u00bb, y en las \u00faltimas horas trascendieron dos fotos de la ex primera dama con marcas de golpes en un ojo y un brazo.<\/p>\n","protected":false},"excerpt":{"rendered":"<p>La causa contra el expresidente\u00a0Alberto Fern\u00e1ndez\u00a0por violencia de g\u00e9nero fue sorteada\u00a0este viernes\u00a0y qued\u00f3 nuevamente en manos del juez\u00a0Juli\u00e1n Ercolini, a<\/p>\n","protected":false},"author":1,"featured_media":17248,"comment_status":"closed","ping_status":"closed","sticky":false,"template":"","format":"standard","meta":{"footnotes":"","jetpack_publicize_message":"","jetpack_publicize_feature_enabled":true,"jetpack_social_post_already_shared":true,"jetpack_social_options":{"image_generator_settings":{"template":"highway","enabled":false},"version":2}},"categories":[4],"tags":[],"class_list":["post-17247","post","type-post","status-publish","format-standard","has-post-thumbnail","hentry","category-nacionales"],"jetpack_publicize_connections":[],"_links":{"self":[{"href":"https:\/\/diariorepublica.com.ar\/web\/index.php\/wp-json\/wp\/v2\/posts\/17247"}],"collection":[{"href":"https:\/\/diariorepublica.com.ar\/web\/index.php\/wp-json\/wp\/v2\/posts"}],"about":[{"href":"https:\/\/diariorepublica.com.ar\/web\/index.php\/wp-json\/wp\/v2\/types\/post"}],"author":[{"embeddable":true,"href":"https:\/\/diariorepublica.com.ar\/web\/index.php\/wp-json\/wp\/v2\/users\/1"}],"replies":[{"embeddable":true,"href":"https:\/\/diariorepublica.com.ar\/web\/index.php\/wp-json\/wp\/v2\/comments?post=17247"}],"version-history":[{"count":1,"href":"https:\/\/diariorepublica.com.ar\/web\/index.php\/wp-json\/wp\/v2\/posts\/17247\/revisions"}],"predecessor-version":[{"id":17249,"href":"https:\/\/diariorepublica.com.ar\/web\/index.php\/wp-json\/wp\/v2\/posts\/17247\/revisions\/17249"}],"wp:featuredmedia":[{"embeddable":true,"href":"https:\/\/diariorepublica.com.ar\/web\/index.php\/wp-json\/wp\/v2\/media\/17248"}],"wp:attachment":[{"href":"https:\/\/diariorepublica.com.ar\/web\/index.php\/wp-json\/wp\/v2\/media?parent=17247"}],"wp:term":[{"taxonomy":"category","embeddable":true,"href":"https:\/\/diariorepublica.com.ar\/web\/index.php\/wp-json\/wp\/v2\/categories?post=17247"},{"taxonomy":"post_tag","embeddable":true,"href":"https:\/\/diariorepublica.com.ar\/web\/index.php\/wp-json\/wp\/v2\/tags?post=17247"}],"curies":[{"name":"wp","href":"https:\/\/api.w.org\/{rel}","templated":true}]}}