{"id":1726,"date":"2023-04-19T10:33:33","date_gmt":"2023-04-19T13:33:33","guid":{"rendered":"https:\/\/diariorepublica.com.ar\/web\/?p=1726"},"modified":"2023-04-19T10:33:34","modified_gmt":"2023-04-19T13:33:34","slug":"habilitan-hospedaje-para-peregrinos-en-escuelas-de-capital","status":"publish","type":"post","link":"https:\/\/diariorepublica.com.ar\/web\/index.php\/sociedad\/2023\/04\/19\/habilitan-hospedaje-para-peregrinos-en-escuelas-de-capital\/","title":{"rendered":"Habilitan hospedaje para peregrinos en escuelas de Capital"},"content":{"rendered":"<p>En el marco de las celebraciones en honor a la Virgen del Valle, desde el servicio de hospedaje informaron que las escuelas habilitadas para albergar a los peregrinos que llegar\u00e1n para honrarla son las siguientes:<\/p>\n<p>-Escuela Sarmiento-Moreno: ubicada en calle Maip\u00fa entre Rep\u00fablica y Esqui\u00fa, a partir del viernes 21 de abril, desde las 20.00 en adelante.<\/p>\n<p><br \/>-Escuela Rivadavia-Belgrano: ubicada en peatonal Rivadavia esquina Mota Botello, a partir del s\u00e1bado 22 desde las 8.00..<\/p>\n<p>-Colegio Fasta: ubicada en calle Maip\u00fa entre Rep\u00fablica y Esqui\u00fa, a partir del s\u00e1bado 22 desde las 8.00.<br \/>El alojamiento se podr\u00e1 usar hasta el domingo 23 a las 12.00.<\/p>\n<p>Recomendaciones<\/p>\n<p>Se recomienda a quienes se alojen en las instalaciones escolares el uso del barbijo, no est\u00e1 permitido el consumo de bebidas alcoh\u00f3licas ni hacer fuego. Asimismo, se invita a personas adultas que quieran ofrecerse como voluntarios para colaborar en las escuelas, el s\u00e1bado 22, de 8.00 a 20.00; y el domingo 23, de 8.00 a 12.00. <br \/>Por consultas comunicarse por mensaje de whatsapp al 383-4937449, Sr. \u00c1lvarez.<\/p>\n<p>Lugares para acampe<\/p>\n<p>Tambi\u00e9n est\u00e1n dispuestos para el acampe el camping municipal de La Quebrada sobre ruta provincial N\u00b0 4, camino a El Rodeo, y el Parque Ad\u00e1n Quiroga enfrente del Polideportivo Capital, pudiendo habilitarse otros sectores de ser necesario.<br \/>El uso de estos espacios es totalmente gratuito para los peregrinos que llegan a honrar a Nuestra Madre del Valle.<\/p>\n<p>Distribuci\u00f3n de comida<\/p>\n<p>En cuanto al servicio de comida, se inform\u00f3 que la distribuci\u00f3n se har\u00e1 sobre calle Rivadavia enfrente de la plaza 25 de Mayo. <br \/>El s\u00e1bado 22 y el domingo 23 se ofrecer\u00e1 desayuno y almuerzo. <br \/>Distintos grupos eclesiales est\u00e1n trabajando para la preparaci\u00f3n de unas 2.000 raciones para estos dos \u00faltimos d\u00edas de las festividades.<\/p>\n\n\n<p><\/p>\n","protected":false},"excerpt":{"rendered":"<p>En el marco de las celebraciones en honor a la Virgen del Valle, desde el servicio de hospedaje informaron que<\/p>\n","protected":false},"author":2,"featured_media":1727,"comment_status":"closed","ping_status":"closed","sticky":false,"template":"","format":"standard","meta":{"footnotes":"","jetpack_publicize_message":"","jetpack_publicize_feature_enabled":true,"jetpack_social_post_already_shared":false,"jetpack_social_options":{"image_generator_settings":{"template":"highway","enabled":false},"version":2}},"categories":[3],"tags":[],"class_list":["post-1726","post","type-post","status-publish","format-standard","has-post-thumbnail","hentry","category-sociedad"],"jetpack_publicize_connections":[],"_links":{"self":[{"href":"https:\/\/diariorepublica.com.ar\/web\/index.php\/wp-json\/wp\/v2\/posts\/1726"}],"collection":[{"href":"https:\/\/diariorepublica.com.ar\/web\/index.php\/wp-json\/wp\/v2\/posts"}],"about":[{"href":"https:\/\/diariorepublica.com.ar\/web\/index.php\/wp-json\/wp\/v2\/types\/post"}],"author":[{"embeddable":true,"href":"https:\/\/diariorepublica.com.ar\/web\/index.php\/wp-json\/wp\/v2\/users\/2"}],"replies":[{"embeddable":true,"href":"https:\/\/diariorepublica.com.ar\/web\/index.php\/wp-json\/wp\/v2\/comments?post=1726"}],"version-history":[{"count":1,"href":"https:\/\/diariorepublica.com.ar\/web\/index.php\/wp-json\/wp\/v2\/posts\/1726\/revisions"}],"predecessor-version":[{"id":1728,"href":"https:\/\/diariorepublica.com.ar\/web\/index.php\/wp-json\/wp\/v2\/posts\/1726\/revisions\/1728"}],"wp:featuredmedia":[{"embeddable":true,"href":"https:\/\/diariorepublica.com.ar\/web\/index.php\/wp-json\/wp\/v2\/media\/1727"}],"wp:attachment":[{"href":"https:\/\/diariorepublica.com.ar\/web\/index.php\/wp-json\/wp\/v2\/media?parent=1726"}],"wp:term":[{"taxonomy":"category","embeddable":true,"href":"https:\/\/diariorepublica.com.ar\/web\/index.php\/wp-json\/wp\/v2\/categories?post=1726"},{"taxonomy":"post_tag","embeddable":true,"href":"https:\/\/diariorepublica.com.ar\/web\/index.php\/wp-json\/wp\/v2\/tags?post=1726"}],"curies":[{"name":"wp","href":"https:\/\/api.w.org\/{rel}","templated":true}]}}