{"id":17277,"date":"2024-08-12T00:06:00","date_gmt":"2024-08-12T03:06:00","guid":{"rendered":"https:\/\/diariorepublica.com.ar\/web\/?p=17277"},"modified":"2024-08-12T08:07:27","modified_gmt":"2024-08-12T11:07:27","slug":"dialogo-positivo-entre-gobierno-glencore-y-proveedores-locales","status":"publish","type":"post","link":"https:\/\/diariorepublica.com.ar\/web\/index.php\/sociedad\/2024\/08\/12\/dialogo-positivo-entre-gobierno-glencore-y-proveedores-locales\/","title":{"rendered":"Di\u00e1logo positivo entre Gobierno, Glencore y proveedores locales"},"content":{"rendered":"<p>En Casa de Gobierno, el gobernador Ra\u00fal Jalil mantuvo una reuni\u00f3n de trabajo con los representantes de la empresa Glencore, proveedores mineros locales, referentes de la comunidad de Minas Capillitas y de AOMA.<\/p>\n<p>En dicho encuentro, dialogaron sobre las posibilidades de trabajo conjunto en el proyecto MARA que se desarrolla en Andalgal\u00e1 y que genera importantes expectativas en el sector minero.<\/p>\n<p>Para ello, se acord\u00f3 continuar con el di\u00e1logo el pr\u00f3ximo martes en la \u201cPerla del Oeste\u201d con la participaci\u00f3n de los proveedores locales, autoridades de la empresa, del Ministerio de Miner\u00eda, del Ministerio de Trabajo, Planificaci\u00f3n y Recursos Humanos, del gremio AOMA y referentes de trabajadores interesados en formar parte del proyecto.<\/p>\n","protected":false},"excerpt":{"rendered":"<p>En Casa de Gobierno, el gobernador Ra\u00fal Jalil mantuvo una reuni\u00f3n de trabajo con los representantes de la empresa Glencore,<\/p>\n","protected":false},"author":1,"featured_media":17278,"comment_status":"closed","ping_status":"closed","sticky":false,"template":"","format":"standard","meta":{"footnotes":"","jetpack_publicize_message":"","jetpack_publicize_feature_enabled":true,"jetpack_social_post_already_shared":true,"jetpack_social_options":{"image_generator_settings":{"template":"highway","enabled":false},"version":2}},"categories":[3],"tags":[],"class_list":["post-17277","post","type-post","status-publish","format-standard","has-post-thumbnail","hentry","category-sociedad"],"jetpack_publicize_connections":[],"_links":{"self":[{"href":"https:\/\/diariorepublica.com.ar\/web\/index.php\/wp-json\/wp\/v2\/posts\/17277"}],"collection":[{"href":"https:\/\/diariorepublica.com.ar\/web\/index.php\/wp-json\/wp\/v2\/posts"}],"about":[{"href":"https:\/\/diariorepublica.com.ar\/web\/index.php\/wp-json\/wp\/v2\/types\/post"}],"author":[{"embeddable":true,"href":"https:\/\/diariorepublica.com.ar\/web\/index.php\/wp-json\/wp\/v2\/users\/1"}],"replies":[{"embeddable":true,"href":"https:\/\/diariorepublica.com.ar\/web\/index.php\/wp-json\/wp\/v2\/comments?post=17277"}],"version-history":[{"count":1,"href":"https:\/\/diariorepublica.com.ar\/web\/index.php\/wp-json\/wp\/v2\/posts\/17277\/revisions"}],"predecessor-version":[{"id":17279,"href":"https:\/\/diariorepublica.com.ar\/web\/index.php\/wp-json\/wp\/v2\/posts\/17277\/revisions\/17279"}],"wp:featuredmedia":[{"embeddable":true,"href":"https:\/\/diariorepublica.com.ar\/web\/index.php\/wp-json\/wp\/v2\/media\/17278"}],"wp:attachment":[{"href":"https:\/\/diariorepublica.com.ar\/web\/index.php\/wp-json\/wp\/v2\/media?parent=17277"}],"wp:term":[{"taxonomy":"category","embeddable":true,"href":"https:\/\/diariorepublica.com.ar\/web\/index.php\/wp-json\/wp\/v2\/categories?post=17277"},{"taxonomy":"post_tag","embeddable":true,"href":"https:\/\/diariorepublica.com.ar\/web\/index.php\/wp-json\/wp\/v2\/tags?post=17277"}],"curies":[{"name":"wp","href":"https:\/\/api.w.org\/{rel}","templated":true}]}}