{"id":1738,"date":"2023-04-19T11:07:05","date_gmt":"2023-04-19T14:07:05","guid":{"rendered":"https:\/\/diariorepublica.com.ar\/web\/?p=1738"},"modified":"2023-04-19T11:07:07","modified_gmt":"2023-04-19T14:07:07","slug":"empresas-de-transporte-publico-modifican-su-recorrido-por-corte-del-puente-en-sumalao","status":"publish","type":"post","link":"https:\/\/diariorepublica.com.ar\/web\/index.php\/sociedad\/2023\/04\/19\/empresas-de-transporte-publico-modifican-su-recorrido-por-corte-del-puente-en-sumalao\/","title":{"rendered":"Empresas de Transporte P\u00fablico modifican su recorrido por corte del puente en Sumalao"},"content":{"rendered":"<p>La Direcci\u00f3n de Control de Calidad y Seguridad del Transporte Urbano e Interurbano inform\u00f3 que con motivo del corte total del puente sobre el R\u00edo del Valle (Sumalao) por tiempo indeterminado, las empresas de transporte p\u00fablico que circulan por la zona se ven obligadas a modificar sus recorridos. Las empresas afectadas son 25 de Agosto y GM.<\/p>\n<p>La empresa 25 de Agosto inform\u00f3 que el recorrido desde las Chacras hasta la Terminal de \u00d3mnibus, en todos sus ramales, ser\u00e1 el siguiente: antes del puente de Sumalao, desv\u00edo hasta Circunvalaci\u00f3n, Ruta Nacional N\u00b033, Av. Juan Chelem\u00edn, calle Armando Correa, calle Mota Botello, al salir por Costanera contin\u00faa su recorrido habitual.<\/p>\n<p>Las l\u00edneas 202 y 204 (25 de agosto y GM), realizar\u00e1n la misma modificaci\u00f3n en su regreso: ingresa al B\u00b0 9 de julio hasta la estaci\u00f3n de Rebaje, luego sube por calle Mota Botello hasta calle Avellaneda y Tula, contin\u00faa por Av. Juan Chelem\u00edn hasta Circunvalaci\u00f3n para llegar a Ruta Nacional N\u00b033 hasta Rotonda de los Ciclistas y retomar su viaje habitual.<\/p>\n","protected":false},"excerpt":{"rendered":"<p>La Direcci\u00f3n de Control de Calidad y Seguridad del Transporte Urbano e Interurbano inform\u00f3 que con motivo del corte total<\/p>\n","protected":false},"author":2,"featured_media":1739,"comment_status":"closed","ping_status":"closed","sticky":false,"template":"","format":"standard","meta":{"footnotes":"","jetpack_publicize_message":"","jetpack_publicize_feature_enabled":true,"jetpack_social_post_already_shared":false,"jetpack_social_options":{"image_generator_settings":{"template":"highway","enabled":false},"version":2}},"categories":[3],"tags":[],"class_list":["post-1738","post","type-post","status-publish","format-standard","has-post-thumbnail","hentry","category-sociedad"],"jetpack_publicize_connections":[],"_links":{"self":[{"href":"https:\/\/diariorepublica.com.ar\/web\/index.php\/wp-json\/wp\/v2\/posts\/1738"}],"collection":[{"href":"https:\/\/diariorepublica.com.ar\/web\/index.php\/wp-json\/wp\/v2\/posts"}],"about":[{"href":"https:\/\/diariorepublica.com.ar\/web\/index.php\/wp-json\/wp\/v2\/types\/post"}],"author":[{"embeddable":true,"href":"https:\/\/diariorepublica.com.ar\/web\/index.php\/wp-json\/wp\/v2\/users\/2"}],"replies":[{"embeddable":true,"href":"https:\/\/diariorepublica.com.ar\/web\/index.php\/wp-json\/wp\/v2\/comments?post=1738"}],"version-history":[{"count":1,"href":"https:\/\/diariorepublica.com.ar\/web\/index.php\/wp-json\/wp\/v2\/posts\/1738\/revisions"}],"predecessor-version":[{"id":1740,"href":"https:\/\/diariorepublica.com.ar\/web\/index.php\/wp-json\/wp\/v2\/posts\/1738\/revisions\/1740"}],"wp:featuredmedia":[{"embeddable":true,"href":"https:\/\/diariorepublica.com.ar\/web\/index.php\/wp-json\/wp\/v2\/media\/1739"}],"wp:attachment":[{"href":"https:\/\/diariorepublica.com.ar\/web\/index.php\/wp-json\/wp\/v2\/media?parent=1738"}],"wp:term":[{"taxonomy":"category","embeddable":true,"href":"https:\/\/diariorepublica.com.ar\/web\/index.php\/wp-json\/wp\/v2\/categories?post=1738"},{"taxonomy":"post_tag","embeddable":true,"href":"https:\/\/diariorepublica.com.ar\/web\/index.php\/wp-json\/wp\/v2\/tags?post=1738"}],"curies":[{"name":"wp","href":"https:\/\/api.w.org\/{rel}","templated":true}]}}