{"id":1741,"date":"2023-04-19T11:22:04","date_gmt":"2023-04-19T14:22:04","guid":{"rendered":"https:\/\/diariorepublica.com.ar\/web\/?p=1741"},"modified":"2023-04-19T11:22:06","modified_gmt":"2023-04-19T14:22:06","slug":"continuan-las-protesta-de-municipales-en-banado-de-ovanta","status":"publish","type":"post","link":"https:\/\/diariorepublica.com.ar\/web\/index.php\/sociedad\/2023\/04\/19\/continuan-las-protesta-de-municipales-en-banado-de-ovanta\/","title":{"rendered":"Contin\u00faan las protesta de municipales en Ba\u00f1ado de Ovanta"},"content":{"rendered":"<p>Desde las primeras horas de este d\u00eda Mi\u00e9rcoles, continua firme el reclamo de empleados municipales por mejora salarial frente al palacio municipal de la intendencia de Elpidio Guaraz.<\/p>\n<p>Si no consiguen soluciones prontas a los reclamos por parte del intendente, los manifestantes van a tomar medidas m\u00e1s firmes y cortaran Ruta Nacional 64 a la altura del puente ingreso a la localidad para el d\u00eda de ma\u00f1ana jueves a las 6:00hs.<\/p>\n<p>Est\u00e1n dispuesto a dialogar, pero quieren soluciones inmediatas y no esperar m\u00e1s, fueron las palabras de quienes est\u00e1n presentes<\/p>\n","protected":false},"excerpt":{"rendered":"<p>Desde las primeras horas de este d\u00eda Mi\u00e9rcoles, continua firme el reclamo de empleados municipales por mejora salarial frente al<\/p>\n","protected":false},"author":2,"featured_media":1742,"comment_status":"closed","ping_status":"closed","sticky":false,"template":"","format":"standard","meta":{"footnotes":"","jetpack_publicize_message":"","jetpack_publicize_feature_enabled":true,"jetpack_social_post_already_shared":false,"jetpack_social_options":{"image_generator_settings":{"template":"highway","enabled":false},"version":2}},"categories":[3],"tags":[],"class_list":["post-1741","post","type-post","status-publish","format-standard","has-post-thumbnail","hentry","category-sociedad"],"jetpack_publicize_connections":[],"_links":{"self":[{"href":"https:\/\/diariorepublica.com.ar\/web\/index.php\/wp-json\/wp\/v2\/posts\/1741"}],"collection":[{"href":"https:\/\/diariorepublica.com.ar\/web\/index.php\/wp-json\/wp\/v2\/posts"}],"about":[{"href":"https:\/\/diariorepublica.com.ar\/web\/index.php\/wp-json\/wp\/v2\/types\/post"}],"author":[{"embeddable":true,"href":"https:\/\/diariorepublica.com.ar\/web\/index.php\/wp-json\/wp\/v2\/users\/2"}],"replies":[{"embeddable":true,"href":"https:\/\/diariorepublica.com.ar\/web\/index.php\/wp-json\/wp\/v2\/comments?post=1741"}],"version-history":[{"count":1,"href":"https:\/\/diariorepublica.com.ar\/web\/index.php\/wp-json\/wp\/v2\/posts\/1741\/revisions"}],"predecessor-version":[{"id":1743,"href":"https:\/\/diariorepublica.com.ar\/web\/index.php\/wp-json\/wp\/v2\/posts\/1741\/revisions\/1743"}],"wp:featuredmedia":[{"embeddable":true,"href":"https:\/\/diariorepublica.com.ar\/web\/index.php\/wp-json\/wp\/v2\/media\/1742"}],"wp:attachment":[{"href":"https:\/\/diariorepublica.com.ar\/web\/index.php\/wp-json\/wp\/v2\/media?parent=1741"}],"wp:term":[{"taxonomy":"category","embeddable":true,"href":"https:\/\/diariorepublica.com.ar\/web\/index.php\/wp-json\/wp\/v2\/categories?post=1741"},{"taxonomy":"post_tag","embeddable":true,"href":"https:\/\/diariorepublica.com.ar\/web\/index.php\/wp-json\/wp\/v2\/tags?post=1741"}],"curies":[{"name":"wp","href":"https:\/\/api.w.org\/{rel}","templated":true}]}}