{"id":17437,"date":"2024-08-16T07:46:17","date_gmt":"2024-08-16T10:46:17","guid":{"rendered":"https:\/\/diariorepublica.com.ar\/web\/?p=17437"},"modified":"2024-08-16T07:46:19","modified_gmt":"2024-08-16T10:46:19","slug":"tamara-pettinato-reaperecio-y-se-despego-de-alberto-fernandez","status":"publish","type":"post","link":"https:\/\/diariorepublica.com.ar\/web\/index.php\/nacionales\/2024\/08\/16\/tamara-pettinato-reaperecio-y-se-despego-de-alberto-fernandez\/","title":{"rendered":"Tamara Pettinato reapereci\u00f3 y se despeg\u00f3 de Alberto Fern\u00e1ndez"},"content":{"rendered":"<article id=\"article-post\" class=\"first\">\n<div class=\"cuerpo\" data-twitter-link=\"https:\/\/twitter.com\/intent\/tweet?url=https:\/\/www.diariopopular.com.ar\/c801246&amp;via=poopulardiario&amp;related=Popular&amp;text=\">\n<p>Luego de haber permanecido en silencio por varios d\u00edas, ia conductora\u00a0<strong>Tamara Pettinato\u00a0<\/strong>afirm\u00f3 este jueves por la noche que\u00a0<strong>\u00abhay un solo villano\u00bb<\/strong>\u00a0en el esc\u00e1ndalo originado por la denuncia de la exprimera dama\u00a0<strong>Fabiola Y\u00e1\u00f1ez<\/strong>\u00a0contra el ex presidente<strong>\u00a0Alberto Fern\u00e1ndez<\/strong>\u00a0por\u00a0<strong>violencia de g\u00e9nero.<\/strong><\/p>\n<\/div>\n<\/article>\n<article id=\"article-post\">\n<div class=\"cuerpo\" data-twitter-link=\"https:\/\/twitter.com\/intent\/tweet?url=https:\/\/www.diariopopular.com.ar\/c801246&amp;via=poopulardiario&amp;related=Popular&amp;text=\">\n<p>En ese sentido, remarc\u00f3 que \u00abeso es lo \u00fanico importante, lo que debe investigar la justicia, pero<strong>\u00a0mezclaron todo\u00bb<\/strong>\u00a0en clara alusi\u00f3n a los medios de comunicaci\u00f3n en los que ella misma participa activamente,<\/p>\n<p>\u00abEn medio de la denuncia pusieron mi video en la Casa Rosada, pero no tiene nada que ver una cosa con otra.\u00a0<strong>Corrieron el foco de lo importante<\/strong>\u00ab, a\u00f1adi\u00f3.<\/p>\n<p>Asimismo, Pettinato subray\u00f3 que<strong>\u00a0\u00abhay un solo villano, y no soy yo\u00bb<\/strong>, en su reaparici\u00f3n en el programa de Blender, un canal de streaming.<\/p>\n<div id=\"embed68_wrap\" class=\"embed_cont type_freetext\" contenteditable=\"false\">\n<div id=\"embed68_content\" class=\"embed_content\">\n<div id=\"embed68_embed\">\n<div class=\"video_container\"><iframe loading=\"lazy\" class=\"video_iframe\" src=\"https:\/\/www.youtube.com\/embed\/kVvmoKdPVhw\" width=\"100%\" height=\"360\" frameborder=\"0\" scrolling=\"no\" data-gtm-yt-inspected-14=\"true\" data-mce-fragment=\"1\"><\/iframe><\/div>\n<\/div>\n<\/div>\n<div id=\"embed68_epigrafe\" class=\"embed_epigrafe\"><\/div>\n<div id=\"embed68_copyright\" class=\"embed_copyright\"><\/div>\n<\/div>\n<h6>La versi\u00f3n de Tamara Pettinato sobre el video<\/h6>\n<p>La trabajadora de medios se despeg\u00f3 del esc\u00e1ndalo, aunque<strong>\u00a0admiti\u00f3 haber estado en la Casa Rosada \u00abcon cuatro personas m\u00e1s, para realizar una entrevista, invitada por la \u00fanica persona que pod\u00eda hacerlo\u00bb.<\/strong><\/p>\n<p>En el video en cuesti\u00f3n, la conductora aparec\u00eda con un vaso de cerveza, mientras se escuchaba la voz de Fern\u00e1ndez, quien le hac\u00eda preguntas risue\u00f1as sobre el v\u00ednculo que supuestamente los un\u00eda.<\/p>\n<p><strong>\u00abTienen que escuchar a esa v\u00edctima, es lo que importa. Nada tiene que ver ese video, es un chisme rosa, me piden explicaciones cuando no tengo nada que explicar\u00bb,<\/strong>\u00a0agreg\u00f3 en su descargo.<\/p>\n<p>El video en cuesti\u00f3n se dio a conocer pocas horas despu\u00e9s de que se confirmara la\u00a0<strong>denuncia de<\/strong>\u00a0<strong>Ya\u00f1ez<\/strong>\u00a0contra el ex mandatario, quien ya fue imputado por<strong>\u00a0violencia de g\u00e9nero,<\/strong>\u00a0acusado de\u00a0<strong>\u00ablesiones graves\u00bb<\/strong>, como as\u00ed tambi\u00e9n de\u00a0<strong>\u00ababuso de poder y autoridad\u00bb.<\/strong>\u00a0Junto a la denuncia tambi\u00e9n se difundieron fotos de Y\u00e1\u00f1ez con moretones en un ojo y un brazo.<\/p>\n<\/div>\n<\/article>\n","protected":false},"excerpt":{"rendered":"<p>Luego de haber permanecido en silencio por varios d\u00edas, ia conductora\u00a0Tamara Pettinato\u00a0afirm\u00f3 este jueves por la noche que\u00a0\u00abhay un solo<\/p>\n","protected":false},"author":1,"featured_media":17438,"comment_status":"closed","ping_status":"closed","sticky":false,"template":"","format":"standard","meta":{"footnotes":"","jetpack_publicize_message":"","jetpack_publicize_feature_enabled":true,"jetpack_social_post_already_shared":true,"jetpack_social_options":{"image_generator_settings":{"template":"highway","enabled":false},"version":2}},"categories":[4],"tags":[],"class_list":["post-17437","post","type-post","status-publish","format-standard","has-post-thumbnail","hentry","category-nacionales"],"jetpack_publicize_connections":[],"_links":{"self":[{"href":"https:\/\/diariorepublica.com.ar\/web\/index.php\/wp-json\/wp\/v2\/posts\/17437"}],"collection":[{"href":"https:\/\/diariorepublica.com.ar\/web\/index.php\/wp-json\/wp\/v2\/posts"}],"about":[{"href":"https:\/\/diariorepublica.com.ar\/web\/index.php\/wp-json\/wp\/v2\/types\/post"}],"author":[{"embeddable":true,"href":"https:\/\/diariorepublica.com.ar\/web\/index.php\/wp-json\/wp\/v2\/users\/1"}],"replies":[{"embeddable":true,"href":"https:\/\/diariorepublica.com.ar\/web\/index.php\/wp-json\/wp\/v2\/comments?post=17437"}],"version-history":[{"count":1,"href":"https:\/\/diariorepublica.com.ar\/web\/index.php\/wp-json\/wp\/v2\/posts\/17437\/revisions"}],"predecessor-version":[{"id":17439,"href":"https:\/\/diariorepublica.com.ar\/web\/index.php\/wp-json\/wp\/v2\/posts\/17437\/revisions\/17439"}],"wp:featuredmedia":[{"embeddable":true,"href":"https:\/\/diariorepublica.com.ar\/web\/index.php\/wp-json\/wp\/v2\/media\/17438"}],"wp:attachment":[{"href":"https:\/\/diariorepublica.com.ar\/web\/index.php\/wp-json\/wp\/v2\/media?parent=17437"}],"wp:term":[{"taxonomy":"category","embeddable":true,"href":"https:\/\/diariorepublica.com.ar\/web\/index.php\/wp-json\/wp\/v2\/categories?post=17437"},{"taxonomy":"post_tag","embeddable":true,"href":"https:\/\/diariorepublica.com.ar\/web\/index.php\/wp-json\/wp\/v2\/tags?post=17437"}],"curies":[{"name":"wp","href":"https:\/\/api.w.org\/{rel}","templated":true}]}}