{"id":17455,"date":"2024-08-19T09:23:00","date_gmt":"2024-08-19T12:23:00","guid":{"rendered":"https:\/\/diariorepublica.com.ar\/web\/?p=17455"},"modified":"2024-08-19T07:24:47","modified_gmt":"2024-08-19T10:24:47","slug":"causa-por-violencia-de-genero-contra-alberto-fernandez-esta-semana-comienzan-a-declarar-los-testigos","status":"publish","type":"post","link":"https:\/\/diariorepublica.com.ar\/web\/index.php\/nacionales\/2024\/08\/19\/causa-por-violencia-de-genero-contra-alberto-fernandez-esta-semana-comienzan-a-declarar-los-testigos\/","title":{"rendered":"Causa por violencia de g\u00e9nero contra Alberto Fern\u00e1ndez: esta semana comienzan a declarar los testigos"},"content":{"rendered":"<p>Esta semana marca el inicio de una serie de declaraciones cruciales en la causa que enfrenta Alberto Fern\u00e1ndez, acusado de lesiones graves y abuso de autoridad. El fiscal federal Ramiro Gonz\u00e1lez prepar\u00f3 un exhaustivo cronograma de testimonios para aclarar las acusaciones que se ciernen sobre el exmandatario. Entre los testigos convocados, destacan Mar\u00eda Cantero, quien mantuvo una intensa comunicaci\u00f3n con Fabiola Y\u00e1\u00f1ez, y el intendente de la quinta de Olivos, Daniel Rodr\u00edguez.<\/p>\n<p>Las audiencias arrancan el jueves 22 de agosto con la periodista Alicia Barrios, seguida por Mar\u00eda Cantero al mediod\u00eda. Las declaraciones de estos testigos podr\u00edan ser determinantes, ya que no s\u00f3lo detallan los presuntos episodios de violencia, sino que tambi\u00e9n podr\u00edan implicar a otros involucrados en el caso.<\/p>\n<p>Qui\u00e9nes son los nuevos testigos que se suman para declarar en la causa de Alberto Fern\u00e1ndez<br \/>\nSe trata de Federico Saavdera, quien se desempe\u00f1\u00f3 como director de la Unidad M\u00e9dica Presidencial durante el mandato de Alberto Fern\u00e1ndez. Tambi\u00e9n se suma Sof\u00eda Pacchi, una ex amiga de Fabiola Y\u00e1\u00f1ez y que estuvo en la fiesta de la quinta de Olivos durante la pandemia.<\/p>\n<p>Estos nuevos testigos se suman a Mar\u00eda Cantero, hist\u00f3rica secretaria de Alberto Fern\u00e1ndez; Daniel Rodr\u00edguez, que se desempe\u00f1\u00f3 como intendente de la quinta de Olivos; Miriam Ya\u00f1ez Verdugo, la mam\u00e1 de Fabiola Y\u00e1\u00f1ez; y Alicia Barrios, periodista y amiga de la ex primera dama.<\/p>\n<p>Las expectativas est\u00e1n puestas en la ex secretaria del abogado, ya que es quien ten\u00eda en su celular los chats de la ex pareja, las im\u00e1genes de Fabiola Y\u00e1\u00f1ez golpeada y de donde se extrajeron las pruebas que incriminan al ex presidente.<\/p>\n<p>Cu\u00e1les el cronograma de las declaraciones de los testigos de la causa de Alberto Fern\u00e1ndez<br \/>\nTres de los primeros cuatro testigos citados a declarar ya tienen fecha y horario confirmado para realizarlo. El primer testigo ser\u00e1 Alicia Barrios, que fue citada el jueves 22 de agosto a las 10:30 de la ma\u00f1ana. En la misma jornada, a las 12:30, ser\u00e1 el turno de Mar\u00eda Cantero.<\/p>\n<p>En tanto, el lunes 26 de agosto ser\u00e1 el turno de Daniel Rodr\u00edguez, que lo har\u00e1 a 10:00 de la ma\u00f1ana. Miriam Ya\u00f1ez Verdugo, que actualmente se encuentra en Espa\u00f1a, present\u00f3 un exhorto para brindar su testimonio desde el consulado en Madrid, aunque con fecha a confirmar.<\/p>\n<p>Tanto Federico Saavdera como Sof\u00eda Pacchi no tienen ni fecha ni horario confirmado, aunque se espera que lo hagan en los d\u00edas inmediatos a las dem\u00e1s declaraciones.<\/p>\n","protected":false},"excerpt":{"rendered":"<p>Esta semana marca el inicio de una serie de declaraciones cruciales en la causa que enfrenta Alberto Fern\u00e1ndez, acusado de<\/p>\n","protected":false},"author":1,"featured_media":17456,"comment_status":"closed","ping_status":"closed","sticky":false,"template":"","format":"standard","meta":{"footnotes":"","jetpack_publicize_message":"","jetpack_publicize_feature_enabled":true,"jetpack_social_post_already_shared":true,"jetpack_social_options":{"image_generator_settings":{"template":"highway","enabled":false},"version":2}},"categories":[4],"tags":[],"class_list":["post-17455","post","type-post","status-publish","format-standard","has-post-thumbnail","hentry","category-nacionales"],"jetpack_publicize_connections":[],"_links":{"self":[{"href":"https:\/\/diariorepublica.com.ar\/web\/index.php\/wp-json\/wp\/v2\/posts\/17455"}],"collection":[{"href":"https:\/\/diariorepublica.com.ar\/web\/index.php\/wp-json\/wp\/v2\/posts"}],"about":[{"href":"https:\/\/diariorepublica.com.ar\/web\/index.php\/wp-json\/wp\/v2\/types\/post"}],"author":[{"embeddable":true,"href":"https:\/\/diariorepublica.com.ar\/web\/index.php\/wp-json\/wp\/v2\/users\/1"}],"replies":[{"embeddable":true,"href":"https:\/\/diariorepublica.com.ar\/web\/index.php\/wp-json\/wp\/v2\/comments?post=17455"}],"version-history":[{"count":1,"href":"https:\/\/diariorepublica.com.ar\/web\/index.php\/wp-json\/wp\/v2\/posts\/17455\/revisions"}],"predecessor-version":[{"id":17457,"href":"https:\/\/diariorepublica.com.ar\/web\/index.php\/wp-json\/wp\/v2\/posts\/17455\/revisions\/17457"}],"wp:featuredmedia":[{"embeddable":true,"href":"https:\/\/diariorepublica.com.ar\/web\/index.php\/wp-json\/wp\/v2\/media\/17456"}],"wp:attachment":[{"href":"https:\/\/diariorepublica.com.ar\/web\/index.php\/wp-json\/wp\/v2\/media?parent=17455"}],"wp:term":[{"taxonomy":"category","embeddable":true,"href":"https:\/\/diariorepublica.com.ar\/web\/index.php\/wp-json\/wp\/v2\/categories?post=17455"},{"taxonomy":"post_tag","embeddable":true,"href":"https:\/\/diariorepublica.com.ar\/web\/index.php\/wp-json\/wp\/v2\/tags?post=17455"}],"curies":[{"name":"wp","href":"https:\/\/api.w.org\/{rel}","templated":true}]}}