{"id":17473,"date":"2024-08-19T10:51:00","date_gmt":"2024-08-19T13:51:00","guid":{"rendered":"https:\/\/diariorepublica.com.ar\/web\/?p=17473"},"modified":"2024-08-19T07:53:26","modified_gmt":"2024-08-19T10:53:26","slug":"colombia-prohibira-las-exportaciones-de-carbon-a-israel-por-su-ofensiva-en-gaza","status":"publish","type":"post","link":"https:\/\/diariorepublica.com.ar\/web\/index.php\/internacionales\/2024\/08\/19\/colombia-prohibira-las-exportaciones-de-carbon-a-israel-por-su-ofensiva-en-gaza\/","title":{"rendered":"Colombia prohibir\u00e1 las exportaciones de carb\u00f3n a Israel por su ofensiva en Gaza"},"content":{"rendered":"<article id=\"article-post\" class=\"first\">\n<div class=\"cuerpo\" data-twitter-link=\"https:\/\/twitter.com\/intent\/tweet?url=https:\/\/www.diariopopular.com.ar\/c801547&amp;via=poopulardiario&amp;related=Popular&amp;text=\">\n<p>El gobierno de\u00a0<strong>Colombia<\/strong>\u00a0<strong>prohibir\u00e1 a partir del pr\u00f3ximo jueves las exportaciones de carb\u00f3n a Israel<\/strong>, como medida de respuesta a la ofensiva israel\u00ed sobre Gaza en concordancia con la defensa de los Derechos Humanos recogida por la Constituci\u00f3n del pa\u00eds.<\/p>\n<\/div>\n<\/article>\n<article id=\"article-post\">\n<div class=\"cuerpo\" data-twitter-link=\"https:\/\/twitter.com\/intent\/tweet?url=https:\/\/www.diariopopular.com.ar\/c801547&amp;via=poopulardiario&amp;related=Popular&amp;text=\">\n<p>\u00abEl art\u00edculo 95 de la Constituci\u00f3n Pol\u00edtica establece que la calidad de colombiano implica (&#8230;) obrar conforme al principio de solidaridad social,\u00a0<strong>respondiendo con acciones humanitarias ante situaciones que pongan en peligro la vida o la salud de las personas\u00bb<\/strong>, se\u00f1ala el decreto del Gobierno presidido por\u00a0<strong>Gustavo Petro<\/strong>.<\/p>\n<p>El decreto, con fecha del 14 de agosto, menciona adem\u00e1s expl\u00edcitamente las medidas provisionales emitidas por la Corte Internacional de Justicia en el caso de la Aplicaci\u00f3n de la Convenci\u00f3n para la Prevenci\u00f3n y la Sanci\u00f3n del Delito de Genocidio en la Franja de Gaza, que reconocen\u00a0<strong>\u00abla gravedad de la situaci\u00f3n humanitaria que se ha desencadenado en Palestina con ocasi\u00f3n de la operaci\u00f3n militar llevada a cabo por Israel<\/strong>\u00a0despu\u00e9s del 7 de octubre de 2023&#8243;.<\/p>\n<p>Por eso, a partir del d\u00eda 22 de agosto,\u00a0<strong>quedar\u00e1n prohibidas \u00ablas exportaciones al Estado de Israel de las Hullas t\u00e9rmicas (Carb\u00f3n)\u00bb<\/strong>, excepci\u00f3n hecha de las ya aprobadas antes de la entrada en vigor del decreto, firmado por el ministro de Exteriores,\u00a0<strong>Luis Gilberto Murillo,<\/strong>\u00a0y su par de Hacienda,\u00a0<strong>Ricardo Bonilla Gonz\u00e1lez<\/strong>.<\/p>\n<p><strong>\u201cCon el carb\u00f3n colombiano hacen bombas para matar los ni\u00f1os de Palestina\u201d<\/strong>, asever\u00f3 Petro, que a mediados de pasado hab\u00eda criticado al primer ministro israel\u00ed,\u00a0<strong>Benjamin Netanyahu. \u00abPasar\u00e1 usted usted a la historia como un genocida<\/strong>. Lanzar bombas sobre miles de ni\u00f1os y ni\u00f1as, mujeres y ancianos inocentes no lo hace a usted un h\u00e9roe\u201d, sostuvo en aquel momento desde sus redes sociales.<\/p>\n<div id=\"embed4755_wrap\" class=\"embed_cont type_freetext\" contenteditable=\"false\" data-provider=\"Twitter\">\n<div id=\"embed4755_content\" class=\"embed_content\">\n<div id=\"embed4755_embed\">\n<div class=\"twitter-tweet twitter-tweet-rendered\"><iframe id=\"twitter-widget-0\" class=\"\" title=\"X Post\" src=\"https:\/\/platform.twitter.com\/embed\/Tweet.html?creatorScreenName=diariopopular&amp;dnt=false&amp;embedId=twitter-widget-0&amp;features=eyJ0ZndfdGltZWxpbmVfbGlzdCI6eyJidWNrZXQiOltdLCJ2ZXJzaW9uIjpudWxsfSwidGZ3X2ZvbGxvd2VyX2NvdW50X3N1bnNldCI6eyJidWNrZXQiOnRydWUsInZlcnNpb24iOm51bGx9LCJ0ZndfdHdlZXRfZWRpdF9iYWNrZW5kIjp7ImJ1Y2tldCI6Im9uIiwidmVyc2lvbiI6bnVsbH0sInRmd19yZWZzcmNfc2Vzc2lvbiI6eyJidWNrZXQiOiJvbiIsInZlcnNpb24iOm51bGx9LCJ0ZndfZm9zbnJfc29mdF9pbnRlcnZlbnRpb25zX2VuYWJsZWQiOnsiYnVja2V0Ijoib24iLCJ2ZXJzaW9uIjpudWxsfSwidGZ3X21peGVkX21lZGlhXzE1ODk3Ijp7ImJ1Y2tldCI6InRyZWF0bWVudCIsInZlcnNpb24iOm51bGx9LCJ0ZndfZXhwZXJpbWVudHNfY29va2llX2V4cGlyYXRpb24iOnsiYnVja2V0IjoxMjA5NjAwLCJ2ZXJzaW9uIjpudWxsfSwidGZ3X3Nob3dfYmlyZHdhdGNoX3Bpdm90c19lbmFibGVkIjp7ImJ1Y2tldCI6Im9uIiwidmVyc2lvbiI6bnVsbH0sInRmd19kdXBsaWNhdGVfc2NyaWJlc190b19zZXR0aW5ncyI6eyJidWNrZXQiOiJvbiIsInZlcnNpb24iOm51bGx9LCJ0ZndfdXNlX3Byb2ZpbGVfaW1hZ2Vfc2hhcGVfZW5hYmxlZCI6eyJidWNrZXQiOiJvbiIsInZlcnNpb24iOm51bGx9LCJ0ZndfdmlkZW9faGxzX2R5bmFtaWNfbWFuaWZlc3RzXzE1MDgyIjp7ImJ1Y2tldCI6InRydWVfYml0cmF0ZSIsInZlcnNpb24iOm51bGx9LCJ0ZndfbGVnYWN5X3RpbWVsaW5lX3N1bnNldCI6eyJidWNrZXQiOnRydWUsInZlcnNpb24iOm51bGx9LCJ0ZndfdHdlZXRfZWRpdF9mcm9udGVuZCI6eyJidWNrZXQiOiJvbiIsInZlcnNpb24iOm51bGx9fQ%3D%3D&amp;frame=false&amp;hideCard=false&amp;hideThread=false&amp;id=1789476962559316261&amp;lang=en&amp;origin=https%3A%2F%2Fwww.diariopopular.com.ar%2Finternacionales%2Fcolombia-prohibira-las-exportaciones-carbon-israel-su-ofensiva-gaza-n801547&amp;sessionId=25d301acef3ae12482c688127cf081714cf8e794&amp;siteScreenName=diariopopular&amp;theme=light&amp;widgetsVersion=2615f7e52b7e0%3A1702314776716&amp;width=550px\" frameborder=\"0\" scrolling=\"no\" allowfullscreen=\"allowfullscreen\" data-tweet-id=\"1789476962559316261\" data-gtm-yt-inspected-13=\"true\" data-mce-fragment=\"1\"><\/iframe><\/div>\n<\/div>\n<\/div>\n<div id=\"embed4755_epigrafe\" class=\"embed_epigrafe\"><\/div>\n<div id=\"embed4755_copyright\" class=\"embed_copyright\"><\/div>\n<\/div>\n<p><strong>\u00abUn genocida es un genocida no importa si tiene o no religi\u00f3n. Intente al menos detener la masacre\u201d<\/strong>, subray\u00f3 el jefe de Estado colombiano.<\/p>\n<p>Adem\u00e1s,<strong>\u00a0la canciller\u00eda de Colombia rechaz\u00f3 las acusaciones \u201cfalsas\u201d del primer ministro de Israel contra Petro<\/strong> y exigi\u00f3 respeto por el mandatario. \u201cLa lucha del presidente Petro por la vida, la paz y la justicia, va m\u00e1s all\u00e1 de nuestras fronteras, as\u00ed como su apoyo al multilateralismo para preservar la convivencia de las naciones y evitar la guerra\u201d, se\u00f1al\u00f3 el Ministerio de Relaciones Exteriores en un comunicado.<\/p>\n<p>Este domingo, Netanyahu sali\u00f3 a\u00a0<strong>defender la postura de su pa\u00eds en las \u00abcomplejas\u00bb negociaciones para un alto el fuego en Gaza<\/strong>\u00a0y reclam\u00f3 a los pa\u00edses mediadores (Qatar, Egipto y EEUU) que dejen de hacer presi\u00f3n sobre el gobierno israel\u00ed para centrarse en su lugar en el inmovilismo, a su juicio, exhibido por el movimiento palestino Ham\u00e1s durante todo el proceso.<\/p>\n<p>En sus primeras declaraciones tras la ronda de conversaciones indirectas mantenida esta semana en Doha, Netanyahyu ratific\u00f3 que\u00a0<strong>la liberaci\u00f3n de los rehenes sigue representando \u00abuna tarea moral y nacional de primer orden\u00bb para su pa\u00eds<\/strong>, y destacado la dificultad que supone emprender contactos \u00abcuando al otro lado se encuentra una organizaci\u00f3n terrorista asesina, desinhibida y recalcitrante\u00bb.<\/p>\n<\/div>\n<\/article>\n","protected":false},"excerpt":{"rendered":"<p>El gobierno de\u00a0Colombia\u00a0prohibir\u00e1 a partir del pr\u00f3ximo jueves las exportaciones de carb\u00f3n a Israel, como medida de respuesta a la<\/p>\n","protected":false},"author":1,"featured_media":17474,"comment_status":"closed","ping_status":"closed","sticky":false,"template":"","format":"standard","meta":{"footnotes":"","jetpack_publicize_message":"","jetpack_publicize_feature_enabled":true,"jetpack_social_post_already_shared":true,"jetpack_social_options":{"image_generator_settings":{"template":"highway","enabled":false},"version":2}},"categories":[6],"tags":[],"class_list":["post-17473","post","type-post","status-publish","format-standard","has-post-thumbnail","hentry","category-internacionales"],"jetpack_publicize_connections":[],"_links":{"self":[{"href":"https:\/\/diariorepublica.com.ar\/web\/index.php\/wp-json\/wp\/v2\/posts\/17473"}],"collection":[{"href":"https:\/\/diariorepublica.com.ar\/web\/index.php\/wp-json\/wp\/v2\/posts"}],"about":[{"href":"https:\/\/diariorepublica.com.ar\/web\/index.php\/wp-json\/wp\/v2\/types\/post"}],"author":[{"embeddable":true,"href":"https:\/\/diariorepublica.com.ar\/web\/index.php\/wp-json\/wp\/v2\/users\/1"}],"replies":[{"embeddable":true,"href":"https:\/\/diariorepublica.com.ar\/web\/index.php\/wp-json\/wp\/v2\/comments?post=17473"}],"version-history":[{"count":1,"href":"https:\/\/diariorepublica.com.ar\/web\/index.php\/wp-json\/wp\/v2\/posts\/17473\/revisions"}],"predecessor-version":[{"id":17475,"href":"https:\/\/diariorepublica.com.ar\/web\/index.php\/wp-json\/wp\/v2\/posts\/17473\/revisions\/17475"}],"wp:featuredmedia":[{"embeddable":true,"href":"https:\/\/diariorepublica.com.ar\/web\/index.php\/wp-json\/wp\/v2\/media\/17474"}],"wp:attachment":[{"href":"https:\/\/diariorepublica.com.ar\/web\/index.php\/wp-json\/wp\/v2\/media?parent=17473"}],"wp:term":[{"taxonomy":"category","embeddable":true,"href":"https:\/\/diariorepublica.com.ar\/web\/index.php\/wp-json\/wp\/v2\/categories?post=17473"},{"taxonomy":"post_tag","embeddable":true,"href":"https:\/\/diariorepublica.com.ar\/web\/index.php\/wp-json\/wp\/v2\/tags?post=17473"}],"curies":[{"name":"wp","href":"https:\/\/api.w.org\/{rel}","templated":true}]}}