{"id":17476,"date":"2024-08-19T07:58:06","date_gmt":"2024-08-19T10:58:06","guid":{"rendered":"https:\/\/diariorepublica.com.ar\/web\/?p=17476"},"modified":"2024-08-19T07:58:08","modified_gmt":"2024-08-19T10:58:08","slug":"fabiola-yanez-dijo-que-extravio-el-telefono-que-contenia-las-conversaciones-con-fernandez-pero-aportara-capturas-de-pantalla","status":"publish","type":"post","link":"https:\/\/diariorepublica.com.ar\/web\/index.php\/nacionales\/2024\/08\/19\/fabiola-yanez-dijo-que-extravio-el-telefono-que-contenia-las-conversaciones-con-fernandez-pero-aportara-capturas-de-pantalla\/","title":{"rendered":"Fabiola Ya\u00f1ez dijo que extravi\u00f3 el tel\u00e9fono que conten\u00eda las conversaciones con Fern\u00e1ndez, pero aportar\u00e1 capturas de pantalla"},"content":{"rendered":"<p>Fabiola Ya\u00f1ez declar\u00f3 ante la Justicia que extravi\u00f3 el tel\u00e9fono celular que contiene todas las conversaciones con Alberto Fern\u00e1ndez durante su gesti\u00f3n. Seg\u00fan explic\u00f3, el celular donde estaban esos chats fue extraviado en una mudanza en Espa\u00f1a, cuando pas\u00f3 del departamento que compart\u00eda con Fern\u00e1ndez en Madrid a otro, tambi\u00e9n en la capital espa\u00f1ola, que ocupa actualmente. Lo declar\u00f3 la semana pasada ante los fiscales. La Justicia, de todas formas, conf\u00eda en reconstruir los intercambios y buscar otras pruebas que permitan corroborar el relato.<\/p>\n<p>El expresidente hab\u00eda dicho, en la entrevista que dio al diario El Pa\u00eds, que \u201cdesaparecieron\u201d los chats con Fabiola Ya\u00f1ez de entre 2022 y 2023. \u201cNo tengo manera de corroborar c\u00f3mo es toda esa conversaci\u00f3n\u201d, a\u00f1adi\u00f3.<\/p>\n<p>El celular que\u00a0<strong>Ya\u00f1ez<\/strong>\u00a0dijo haber extraviado podr\u00eda haber quedado en manos de\u00a0<strong>Fern\u00e1ndez<\/strong>, seg\u00fan declar\u00f3 la ex primera dama. La informaci\u00f3n fue ratificada a\u00a0<strong>LA NACION<\/strong>\u00a0por fuentes allegadas a la ex primera dama.<\/p>\n<p>Ya\u00f1ez aportar\u00e1 a la Justicia los intercambios de los \u00faltimos meses. Es posible que se presente este lunes o en los primeros d\u00edas de esta semana. En ellos, Ya\u00f1ez presentar\u00e1 conversaciones de las \u00faltimas semanas, en las que podr\u00eda complicarse la situaci\u00f3n de Fern\u00e1ndez si se prueba que viol\u00f3 la orden del juez de no comunicarse con Ya\u00f1ez.<\/p>\n<p>Esa restricci\u00f3n judicial fue notificada al expresidente en su departamento de Puerto Madero, cerca de las 19.00 del 6 de agosto. Fuentes conocedoras del v\u00ednculo entre ambos dan cuenta de que hubo mensajes por parte de Fern\u00e1ndez al borde de ese horario, pero todav\u00eda no est\u00e1 claro si fueron posteriores o previos en el momento en que la Polic\u00eda le entreg\u00f3 la orden judicial firmada Juli\u00e1n Ercolini.<\/p>\n<p>M\u00e1s all\u00e1 de la suerte que corri\u00f3 el tel\u00e9fono,\u00a0<strong>Ya\u00f1ez\u00a0<\/strong>asegur\u00f3 que tiene\u00a0<strong>capturas<\/strong>\u00a0de pantalla sobre las conversaciones\u00a0<strong>previas a 2024<\/strong>.<\/p>\n<p class=\"com-paragraph   --s\">Esta semana estar\u00e1 cargada de novedades. Primero, porque se dirimir\u00e1 la cuesti\u00f3n de la competencia. La defensa del expresidente ya plante\u00f3 que el caso pase a la justicia federal de<strong>\u00a0San Isidro<\/strong>. El juez le corri\u00f3 vista a la querella, que se opuso al cambio de juzgado, y argument\u00f3 que comenz\u00f3 en Puerto Madero y se extendi\u00f3 hasta Madrid. El fiscal\u00a0<strong>Ramiro Gonz\u00e1lez\u00a0<\/strong>deber\u00e1 esta semana hacer su planteo y luego\u00a0<strong>Ercolini<\/strong>\u00a0decidir\u00e1 d\u00f3nde tramitar\u00e1 la causa. Todo indica que, por ahora, quedar\u00e1 en Comodoro Py.<\/p>\n<p class=\"com-paragraph   --s\">En segundo lugar, esta semana comenzar\u00e1n a desfilar por tribunales los\u00a0<strong>testigos<\/strong>. Por ahora fueron citados seis.\u00a0<strong>Alicia Barrios<\/strong>, la periodista, y\u00a0<strong>Mar\u00eda Cantero<\/strong>, la exsecretaria de Fern\u00e1ndez, ser\u00e1n las primeras en declarar, este jueves. En el caso de Cantero, el fiscal deber\u00e1 ejecutar la estrategia que ya plante\u00f3 cuando la cit\u00f3 como testigo, ya que ella conoc\u00eda los potenciales hechos de violencia.\u00a0<strong>Cantero<\/strong>\u00a0pretende garant\u00edas que no la perseguir\u00e1n ante una posible autoincriminaci\u00f3n. Eso ser\u00e1 clave para detectar qu\u00e9 tanto se explayar\u00e1 en su relato. Fuentes cercanas a la exsecretaria aseguraron que buscar\u00e1 \u201cplantear su verdad\u201d.<\/p>\n<p>Y finalmente, esta semana ser\u00e1 clave porque dentro de los pr\u00f3ximos d\u00edas deber\u00e1n citarse a los dos testigos que faltan. A Barrios y Cantero le seguir\u00e1n Daniel Rodr\u00edguez, el exintendente de la quinta de Olivos, y Miriam Ya\u00f1ez Verdugo, la madre de Fabiola, cuando se instrumente su declaraci\u00f3n desde Madrid. Falta citar a Federico Saavedra, el extitular de la Unidad M\u00e9dica Presidencial, y Sof\u00eda Pacchi, quien era amiga de Ya\u00f1ez. Este \u00faltimo testimonio apareci\u00f3 en los \u00faltimos d\u00edas rodeado de versiones por las dificultades que aparecieron para contactarla. Algunas fuentes argumentaban que estaba internada, otras que hab\u00eda tenido un hijo y que se encontraba en M\u00e9xico. Lo \u00fanico que es un hecho es que todav\u00eda no respondi\u00f3 a los contactos del Poder Judicial.<\/p>\n<p><strong>LA NACION\u00a0<\/strong><\/p>\n","protected":false},"excerpt":{"rendered":"<p>Fabiola Ya\u00f1ez declar\u00f3 ante la Justicia que extravi\u00f3 el tel\u00e9fono celular que contiene todas las conversaciones con Alberto Fern\u00e1ndez durante<\/p>\n","protected":false},"author":1,"featured_media":17477,"comment_status":"closed","ping_status":"closed","sticky":false,"template":"","format":"standard","meta":{"footnotes":"","jetpack_publicize_message":"","jetpack_publicize_feature_enabled":true,"jetpack_social_post_already_shared":true,"jetpack_social_options":{"image_generator_settings":{"template":"highway","enabled":false},"version":2}},"categories":[4],"tags":[],"class_list":["post-17476","post","type-post","status-publish","format-standard","has-post-thumbnail","hentry","category-nacionales"],"jetpack_publicize_connections":[],"_links":{"self":[{"href":"https:\/\/diariorepublica.com.ar\/web\/index.php\/wp-json\/wp\/v2\/posts\/17476"}],"collection":[{"href":"https:\/\/diariorepublica.com.ar\/web\/index.php\/wp-json\/wp\/v2\/posts"}],"about":[{"href":"https:\/\/diariorepublica.com.ar\/web\/index.php\/wp-json\/wp\/v2\/types\/post"}],"author":[{"embeddable":true,"href":"https:\/\/diariorepublica.com.ar\/web\/index.php\/wp-json\/wp\/v2\/users\/1"}],"replies":[{"embeddable":true,"href":"https:\/\/diariorepublica.com.ar\/web\/index.php\/wp-json\/wp\/v2\/comments?post=17476"}],"version-history":[{"count":1,"href":"https:\/\/diariorepublica.com.ar\/web\/index.php\/wp-json\/wp\/v2\/posts\/17476\/revisions"}],"predecessor-version":[{"id":17478,"href":"https:\/\/diariorepublica.com.ar\/web\/index.php\/wp-json\/wp\/v2\/posts\/17476\/revisions\/17478"}],"wp:featuredmedia":[{"embeddable":true,"href":"https:\/\/diariorepublica.com.ar\/web\/index.php\/wp-json\/wp\/v2\/media\/17477"}],"wp:attachment":[{"href":"https:\/\/diariorepublica.com.ar\/web\/index.php\/wp-json\/wp\/v2\/media?parent=17476"}],"wp:term":[{"taxonomy":"category","embeddable":true,"href":"https:\/\/diariorepublica.com.ar\/web\/index.php\/wp-json\/wp\/v2\/categories?post=17476"},{"taxonomy":"post_tag","embeddable":true,"href":"https:\/\/diariorepublica.com.ar\/web\/index.php\/wp-json\/wp\/v2\/tags?post=17476"}],"curies":[{"name":"wp","href":"https:\/\/api.w.org\/{rel}","templated":true}]}}