{"id":17488,"date":"2024-08-19T09:13:00","date_gmt":"2024-08-19T12:13:00","guid":{"rendered":"https:\/\/diariorepublica.com.ar\/web\/?p=17488"},"modified":"2024-08-19T08:14:11","modified_gmt":"2024-08-19T11:14:11","slug":"cooperacion-en-planificacion-territorial-y-formacion-profesional-con-la-universidad-de-tongji","status":"publish","type":"post","link":"https:\/\/diariorepublica.com.ar\/web\/index.php\/sociedad\/2024\/08\/19\/cooperacion-en-planificacion-territorial-y-formacion-profesional-con-la-universidad-de-tongji\/","title":{"rendered":"Cooperaci\u00f3n en planificaci\u00f3n territorial y formaci\u00f3n profesional con la Universidad de Tongji"},"content":{"rendered":"<p>En el marco de la misi\u00f3n oficial del Gobierno Provincial a China, la ministra de Trabajo, Planificaci\u00f3n y Recursos Humanos, Ver\u00f3nica Soria, encabez\u00f3 una importante reuni\u00f3n con\u00a0 Mr. Su, representante de la Universidad de Tongji.<\/p>\n<p>Durante la reuni\u00f3n, se dialog\u00f3 sobre diversas iniciativas que apuntan a fortalecer los v\u00ednculos acad\u00e9micos y profesionales entre Catamarca y la universidad china, con foco en la implementaci\u00f3n de proyectos conjuntos que impulsen la planificaci\u00f3n y el desarrollo territorial y contribuyan a la capacitaci\u00f3n de recursos humanos.<\/p>\n<p>Estas iniciativas tendr\u00e1n como eje las innovadoras metodolog\u00edas y herramientas de aprendizaje que ofrece la universidad, caracterizadas por su enfoque pr\u00e1ctico y la integraci\u00f3n de tecnolog\u00eda avanzada en los procesos de planificaci\u00f3n. Esto podr\u00e1 preparar a los profesionales catamarque\u00f1os para enfrentar los desaf\u00edos del futuro.<\/p>\n<p>La ministra Ver\u00f3nica Soria destac\u00f3 la relevancia del encuentro: \u201cEsta reuni\u00f3n ha sido fundamental para fortalecer las relaciones entre China y Catamarca, creando nuevas oportunidades para la capacitaci\u00f3n de nuestros recursos humanos a trav\u00e9s de programas de intercambio acad\u00e9mico y la colaboraci\u00f3n de esta prestigiosa universidad para aplicar nuevas tecnolog\u00edas en planificaci\u00f3n urbana y territorial, aprovechando el potencial local para el desarrollo de la provincia\u201d.<\/p>\n<p>Participaron del encuentro la ministra Soria; el secretario de Extensi\u00f3n Universitaria, Adolfo Ag\u00fcero y el presidente de la C\u00e1mara de Proveedores Mineros, Manuel G\u00f3mez Bello, entre otras autoridades provinciales.<\/p>\n","protected":false},"excerpt":{"rendered":"<p>En el marco de la misi\u00f3n oficial del Gobierno Provincial a China, la ministra de Trabajo, Planificaci\u00f3n y Recursos Humanos,<\/p>\n","protected":false},"author":1,"featured_media":17489,"comment_status":"closed","ping_status":"closed","sticky":false,"template":"","format":"standard","meta":{"footnotes":"","jetpack_publicize_message":"","jetpack_publicize_feature_enabled":true,"jetpack_social_post_already_shared":true,"jetpack_social_options":{"image_generator_settings":{"template":"highway","enabled":false},"version":2}},"categories":[3],"tags":[],"class_list":["post-17488","post","type-post","status-publish","format-standard","has-post-thumbnail","hentry","category-sociedad"],"jetpack_publicize_connections":[],"_links":{"self":[{"href":"https:\/\/diariorepublica.com.ar\/web\/index.php\/wp-json\/wp\/v2\/posts\/17488"}],"collection":[{"href":"https:\/\/diariorepublica.com.ar\/web\/index.php\/wp-json\/wp\/v2\/posts"}],"about":[{"href":"https:\/\/diariorepublica.com.ar\/web\/index.php\/wp-json\/wp\/v2\/types\/post"}],"author":[{"embeddable":true,"href":"https:\/\/diariorepublica.com.ar\/web\/index.php\/wp-json\/wp\/v2\/users\/1"}],"replies":[{"embeddable":true,"href":"https:\/\/diariorepublica.com.ar\/web\/index.php\/wp-json\/wp\/v2\/comments?post=17488"}],"version-history":[{"count":1,"href":"https:\/\/diariorepublica.com.ar\/web\/index.php\/wp-json\/wp\/v2\/posts\/17488\/revisions"}],"predecessor-version":[{"id":17490,"href":"https:\/\/diariorepublica.com.ar\/web\/index.php\/wp-json\/wp\/v2\/posts\/17488\/revisions\/17490"}],"wp:featuredmedia":[{"embeddable":true,"href":"https:\/\/diariorepublica.com.ar\/web\/index.php\/wp-json\/wp\/v2\/media\/17489"}],"wp:attachment":[{"href":"https:\/\/diariorepublica.com.ar\/web\/index.php\/wp-json\/wp\/v2\/media?parent=17488"}],"wp:term":[{"taxonomy":"category","embeddable":true,"href":"https:\/\/diariorepublica.com.ar\/web\/index.php\/wp-json\/wp\/v2\/categories?post=17488"},{"taxonomy":"post_tag","embeddable":true,"href":"https:\/\/diariorepublica.com.ar\/web\/index.php\/wp-json\/wp\/v2\/tags?post=17488"}],"curies":[{"name":"wp","href":"https:\/\/api.w.org\/{rel}","templated":true}]}}