{"id":17495,"date":"2024-08-19T12:05:44","date_gmt":"2024-08-19T15:05:44","guid":{"rendered":"https:\/\/diariorepublica.com.ar\/web\/?p=17495"},"modified":"2024-08-19T12:05:46","modified_gmt":"2024-08-19T15:05:46","slug":"inicio-la-campana-de-vacunacion-contra-el-dengue","status":"publish","type":"post","link":"https:\/\/diariorepublica.com.ar\/web\/index.php\/sociedad\/2024\/08\/19\/inicio-la-campana-de-vacunacion-contra-el-dengue\/","title":{"rendered":"Inici\u00f3 la Campa\u00f1a de Vacunaci\u00f3n Contra el Dengue"},"content":{"rendered":"<p>El Ministro de Salud de la provincia, Lucas Zampieri junto al Gobernador, Ra\u00fal Jalil estuvo presente en el lanzamiento de la vacunaci\u00f3n para Dengue que se realiz\u00f3 en el Vacunatorio Central.<br \/>Al respecto Zampieri explic\u00f3 que \u201cen esta primera etapa la vacuna est\u00e1 disponible para personas de 40 a 49 a\u00f1os sin cobertura social, personal \u00a0de salud y personal de la Brigada de Vectores que realizan el control focal de Dengue\u201d.\u00a0<br \/>El Ministro tambi\u00e9n se\u00f1al\u00f3 que \u201csi bien no tenemos casos, nos preparamos para los primeros calores y el verano; en este sentido, nuestra principal prioridad era que no se haga una enfermedad end\u00e9mica en la provincia, es decir que la tengamos todo el a\u00f1o\u201d.<br \/>Asimismo destac\u00f3 que \u201cpara mantener esta enfermedad controlada, es fundamental la conducta de la sociedad para que el mosquito no se reproduzca; y para esto es muy importante la limpieza dentro y fuera de los hogares\u201d.<br \/>Para finalizar, el titular de la cartera sanitaria se\u00f1al\u00f3 que \u201clas inscripciones vinieron muy bien; llegando a m\u00e1s de mil inscriptos\u201d.<\/p>\n","protected":false},"excerpt":{"rendered":"<p>El Ministro de Salud de la provincia, Lucas Zampieri junto al Gobernador, Ra\u00fal Jalil estuvo presente en el lanzamiento de<\/p>\n","protected":false},"author":2,"featured_media":17496,"comment_status":"closed","ping_status":"closed","sticky":false,"template":"","format":"standard","meta":{"footnotes":"","jetpack_publicize_message":"","jetpack_publicize_feature_enabled":true,"jetpack_social_post_already_shared":true,"jetpack_social_options":{"image_generator_settings":{"template":"highway","enabled":false},"version":2}},"categories":[3],"tags":[],"class_list":["post-17495","post","type-post","status-publish","format-standard","has-post-thumbnail","hentry","category-sociedad"],"jetpack_publicize_connections":[],"_links":{"self":[{"href":"https:\/\/diariorepublica.com.ar\/web\/index.php\/wp-json\/wp\/v2\/posts\/17495"}],"collection":[{"href":"https:\/\/diariorepublica.com.ar\/web\/index.php\/wp-json\/wp\/v2\/posts"}],"about":[{"href":"https:\/\/diariorepublica.com.ar\/web\/index.php\/wp-json\/wp\/v2\/types\/post"}],"author":[{"embeddable":true,"href":"https:\/\/diariorepublica.com.ar\/web\/index.php\/wp-json\/wp\/v2\/users\/2"}],"replies":[{"embeddable":true,"href":"https:\/\/diariorepublica.com.ar\/web\/index.php\/wp-json\/wp\/v2\/comments?post=17495"}],"version-history":[{"count":1,"href":"https:\/\/diariorepublica.com.ar\/web\/index.php\/wp-json\/wp\/v2\/posts\/17495\/revisions"}],"predecessor-version":[{"id":17497,"href":"https:\/\/diariorepublica.com.ar\/web\/index.php\/wp-json\/wp\/v2\/posts\/17495\/revisions\/17497"}],"wp:featuredmedia":[{"embeddable":true,"href":"https:\/\/diariorepublica.com.ar\/web\/index.php\/wp-json\/wp\/v2\/media\/17496"}],"wp:attachment":[{"href":"https:\/\/diariorepublica.com.ar\/web\/index.php\/wp-json\/wp\/v2\/media?parent=17495"}],"wp:term":[{"taxonomy":"category","embeddable":true,"href":"https:\/\/diariorepublica.com.ar\/web\/index.php\/wp-json\/wp\/v2\/categories?post=17495"},{"taxonomy":"post_tag","embeddable":true,"href":"https:\/\/diariorepublica.com.ar\/web\/index.php\/wp-json\/wp\/v2\/tags?post=17495"}],"curies":[{"name":"wp","href":"https:\/\/api.w.org\/{rel}","templated":true}]}}