{"id":17505,"date":"2024-08-20T00:25:00","date_gmt":"2024-08-20T03:25:00","guid":{"rendered":"https:\/\/diariorepublica.com.ar\/web\/?p=17505"},"modified":"2024-08-20T07:27:06","modified_gmt":"2024-08-20T10:27:06","slug":"en-medio-de-la-crisis-el-senado-acordo-un-nuevo-aumento-de-la-dieta-cobraran-9-millones-por-mes","status":"publish","type":"post","link":"https:\/\/diariorepublica.com.ar\/web\/index.php\/nacionales\/2024\/08\/20\/en-medio-de-la-crisis-el-senado-acordo-un-nuevo-aumento-de-la-dieta-cobraran-9-millones-por-mes\/","title":{"rendered":"En medio de la crisis, el Senado acord\u00f3 un nuevo aumento de la dieta: cobrar\u00e1n $9 millones por mes"},"content":{"rendered":"<p>El Congreso dio luz verde a un nuevo aumento del 6,5% en dos tramos para el sueldo de los trabajadores legislativos que impactar\u00e1 sobre los ingresos de los senadores nacionales, atados a la paritaria interna. El incremento ser\u00e1 de 3,5% sobre los sueldos de julio y otro 3% sobre el monto a percibir en agosto. La dieta de los legisladores de la C\u00e1mara alta alcanzar\u00e1 los $9 millones.<\/p>\n<article class=\"article-body article-body--third-paragraph content-protected-false\">La suba fue establecida por la\u00a0<strong>Comisi\u00f3n Negociadora paritaria del Parlamento nacional<\/strong>, una mesa que aglutina a la pata sindical que responde a los trabajadores y los representantes de las C\u00e1maras de Diputados y Senadores, que se reuni\u00f3 en las \u00faltimas horas y resolvi\u00f3 el aumento.<\/p>\n<\/article>\n<article class=\"article-body article-body--fourth-paragraph content-protected-false\"><\/article>\n<article class=\"article-body article-body--remaining-paragraph content-protected-false\">La resoluci\u00f3n lleva la firma de las autoridades del Senado,\u00a0<strong>Mar\u00eda Laura Izzo,<\/strong>\u00a0secretaria administrativa, y\u00a0<strong>Agust\u00edn Giustinian,<\/strong>\u00a0secretario parlamentario. Por Diputados Laura Oriolo, secretaria administrativa y\u00a0<strong>Diego Molina G\u00f3mez,<\/strong>\u00a0secretario general de Diputados y los sectores sindicales.\u00a0<strong>Norberto Di Prospero<\/strong>\u00a0y\u00a0<strong>Fabi\u00e1n Zacardi<\/strong>\u00a0de parte de la Asociaci\u00f3n del Personal Legislativo (APL),\u00a0<strong>Claudio Britos<\/strong>\u00a0de ATE y\u00a0<strong>Mart\u00edn Roig<\/strong>\u00a0de Uni\u00f3n del personal civil de la Naci\u00f3n.<\/p>\n<div id=\"7971047-Libre-367019290_wrap\" class=\"embed_cont type_imagen\" contenteditable=\"false\">\n<div id=\"7971047-Libre-367019290_content\" class=\"embed_content\"><img decoding=\"async\" id=\"7971047-Libre-367019290_embed\" title=\"\" src=\"https:\/\/media.ambito.com\/p\/3f4105a0661b610eea8d11faa989601a\/adjuntos\/239\/imagenes\/041\/752\/0041752186\/730x0\/smart\/imagepng.png\" alt=\"\" width=\"730\" height=\"undefined\" data-td-src-property=\"https:\/\/media.ambito.com\/p\/3f4105a0661b610eea8d11faa989601a\/adjuntos\/239\/imagenes\/041\/752\/0041752186\/730x0\/smart\/imagepng.png\" \/><\/div>\n<\/div>\n<p><strong>El incremento suscrito en las \u00faltimas horas para los trabajadores legislativos impactar\u00e1 en el sueldo de los senadores<\/strong>\u00a0debido a que, pese a la reticencia del ala libertaria, se vot\u00f3 en abril un proyecto con el aval de la vicepresidenta\u00a0<strong>Victoria Villarruel<\/strong>\u00a0para continuar con el enganche de la paritaria. En el caso de los diputados no tendr\u00e1 impacto sobre las dietas dado que el titular de la c\u00e1mara,\u00a0<strong>Mart\u00edn Menem,<\/strong>\u00a0orden\u00f3\u00a0<strong>desenganchar los aumentos.<\/strong><\/p>\n<p>ambito.com<\/p>\n<\/article>\n","protected":false},"excerpt":{"rendered":"<p>El Congreso dio luz verde a un nuevo aumento del 6,5% en dos tramos para el sueldo de los trabajadores<\/p>\n","protected":false},"author":1,"featured_media":17506,"comment_status":"closed","ping_status":"closed","sticky":false,"template":"","format":"standard","meta":{"footnotes":"","jetpack_publicize_message":"","jetpack_publicize_feature_enabled":true,"jetpack_social_post_already_shared":true,"jetpack_social_options":{"image_generator_settings":{"template":"highway","enabled":false},"version":2}},"categories":[4],"tags":[],"class_list":["post-17505","post","type-post","status-publish","format-standard","has-post-thumbnail","hentry","category-nacionales"],"jetpack_publicize_connections":[],"_links":{"self":[{"href":"https:\/\/diariorepublica.com.ar\/web\/index.php\/wp-json\/wp\/v2\/posts\/17505"}],"collection":[{"href":"https:\/\/diariorepublica.com.ar\/web\/index.php\/wp-json\/wp\/v2\/posts"}],"about":[{"href":"https:\/\/diariorepublica.com.ar\/web\/index.php\/wp-json\/wp\/v2\/types\/post"}],"author":[{"embeddable":true,"href":"https:\/\/diariorepublica.com.ar\/web\/index.php\/wp-json\/wp\/v2\/users\/1"}],"replies":[{"embeddable":true,"href":"https:\/\/diariorepublica.com.ar\/web\/index.php\/wp-json\/wp\/v2\/comments?post=17505"}],"version-history":[{"count":1,"href":"https:\/\/diariorepublica.com.ar\/web\/index.php\/wp-json\/wp\/v2\/posts\/17505\/revisions"}],"predecessor-version":[{"id":17507,"href":"https:\/\/diariorepublica.com.ar\/web\/index.php\/wp-json\/wp\/v2\/posts\/17505\/revisions\/17507"}],"wp:featuredmedia":[{"embeddable":true,"href":"https:\/\/diariorepublica.com.ar\/web\/index.php\/wp-json\/wp\/v2\/media\/17506"}],"wp:attachment":[{"href":"https:\/\/diariorepublica.com.ar\/web\/index.php\/wp-json\/wp\/v2\/media?parent=17505"}],"wp:term":[{"taxonomy":"category","embeddable":true,"href":"https:\/\/diariorepublica.com.ar\/web\/index.php\/wp-json\/wp\/v2\/categories?post=17505"},{"taxonomy":"post_tag","embeddable":true,"href":"https:\/\/diariorepublica.com.ar\/web\/index.php\/wp-json\/wp\/v2\/tags?post=17505"}],"curies":[{"name":"wp","href":"https:\/\/api.w.org\/{rel}","templated":true}]}}