{"id":17508,"date":"2024-08-20T08:27:00","date_gmt":"2024-08-20T11:27:00","guid":{"rendered":"https:\/\/diariorepublica.com.ar\/web\/?p=17508"},"modified":"2024-08-20T07:30:31","modified_gmt":"2024-08-20T10:30:31","slug":"alberto-fernandez-pidio-que-se-les-prohiba-a-los-medios-de-comunicacion-y-a-google-facebook-x-y-yahoo-difundir-sus-fotos-y-videos-intimos","status":"publish","type":"post","link":"https:\/\/diariorepublica.com.ar\/web\/index.php\/nacionales\/2024\/08\/20\/alberto-fernandez-pidio-que-se-les-prohiba-a-los-medios-de-comunicacion-y-a-google-facebook-x-y-yahoo-difundir-sus-fotos-y-videos-intimos\/","title":{"rendered":"Alberto Fern\u00e1ndez pidi\u00f3 que se les proh\u00edba a los medios de comunicaci\u00f3n y a Google, Facebook, X y Yahoo difundir sus fotos y videos \u00edntimos"},"content":{"rendered":"<p>El expresidente Alberto Fern\u00e1ndez promovi\u00f3 una acci\u00f3n judicial para que se les proh\u00edba a los medios de comunicaci\u00f3n y a las empresas Google, Facebook, X y Yahoo difundir sus fotos y videos \u00edntimos, tanto los que ya se conocieron como los que podr\u00edan aparecer (e incluso im\u00e1genes que se le adjudican y que \u00e9l sostiene que son \u201cfalsas\u201d). El fundamento es que se est\u00e1 afectando su honor y su imagen, y que se da\u00f1a a sus hijos.<\/p>\n<p>Fern\u00e1ndez se present\u00f3 en el fuero civil y comercial federal, \u201cpor derecho propio\u201d y en representaci\u00f3n de su hijo menor, Francisco, y pidi\u00f3 que se dicte una medida cautelar para responder a una situaci\u00f3n de \u201curgencia extrema\u201d. As\u00ed lo informaron a LA NACION fuentes judiciales.<\/p>\n<p>La demanda que promovi\u00f3 es una \u201cacci\u00f3n preventiva de da\u00f1os\u201d contra el Ente Regulador de las Telecomunicaciones (Enacom) y las empresas Google, Facebook, X y Yahoo, con el argumento de que \u201chay una flagrante amenaza de difundir supuestas im\u00e1genes o supuestos videos que tienen como \u00fanica finalidad ofender, agredir, vulnerar, menoscabar y afectar\u201d su \u201cnombre, honor, imagen, intimidad y\/o integridad\u201d afectando \u201cdirectamente\u201d a sus hijos y familiares.<\/p>\n<p>\u201cRecientemente se vienen publicando y difundiendo fotos y videos que falazmente se me atribuyen por parte de diversos medios y figuras p\u00fablicas. Estas cuestiones que desde ya son falsas y maliciosas, solo buscan afectar la estabilidad familiar y salud psicof\u00edsica de mis hijos\u201d, escribi\u00f3 Fern\u00e1ndez en su demanda. Su cuestionamiento fue muy amplio: apunt\u00f3 contra \u201ccualquier contenido\u201d relacionado con \u00e9l o su familia.<\/p>\n<p>Si bien en su presentaci\u00f3n no lo dice con claridad, parece referirse incluso a las fotos de su expareja Fabiola Ya\u00f1ez con marcas de golpes, que se hicieron p\u00fablicas y forman parte de las pruebas de la causa en la que se investiga la denuncia de la ex primera dama contra \u00e9l por graves hechos de violencia f\u00edsica.<\/p>\n<p>En alusi\u00f3n a los videos, el expresidente afirm\u00f3: \u201cHe tomado conocimiento de que los periodistas Laura Di Marco, Luis Majul, Jorge Rial entre otros han realizado declaraciones en sus cuentas de X (ex-Twitter) sugiriendo la existencia y circulaci\u00f3n de videos que manifiestan ser del suscripto con mujeres en situaciones inc\u00f3modas\u201d. Y dijo: \u201cEstas afirmaciones y la difusi\u00f3n de dichos videos pretenden generar un da\u00f1o a mi persona, a mis hijos, a nuestra privacidad y reputaci\u00f3n familiar\u201d. Las publicaciones a las que se refiere aludir\u00edan a que hay m\u00e1s grabaciones de \u00e9l con mujeres (adem\u00e1s del que se difundieron de Tamara Pettinato en el despacho presidencial), incluido un \u201cvideo porno en un ascensor\u201d. La semana pasada circul\u00f3 la versi\u00f3n de que existir\u00edan im\u00e1genes del expresidente con una mujer en el ascensor de la Casa Rosada.<\/p>\n<p>La medida cautelar que pretende Fern\u00e1ndez es una orden que \u201cimpida la publicaci\u00f3n, difusi\u00f3n y reproducci\u00f3n de los supuestos videos mencionados y de cualquier otro material\u201d relacionado con \u00e9l que \u201cafecte la vida \u00edntima\u201d suya, de sus hijos y de su familia. El expresidente pide \u201cuna orden de cese de difusi\u00f3n que impida a los medios y a las figuras p\u00fablicas\u201d la \u201cdifusi\u00f3n de los videos publicados y de los futuros que pudieren aparecer\u201d, as\u00ed como de \u201ccualquier contenido\u201d relacionado con \u00e9l o su familia\u201d.<\/p>\n<p>Pero no solo busca prohibir lo que pueda difundirse a futuro. Adem\u00e1s, solicita \u201cla eliminaci\u00f3n de todas las publicaciones en redes sociales y otros medios que contengan estos videos o referencias a los mismos\u201d y que se dispongan las \u201cmedidas necesarias\u201d para \u201cevitar la propagaci\u00f3n de material personal no autorizado\u201d.<\/p>\n<p>lanacion.com.ar<\/p>\n","protected":false},"excerpt":{"rendered":"<p>El expresidente Alberto Fern\u00e1ndez promovi\u00f3 una acci\u00f3n judicial para que se les proh\u00edba a los medios de comunicaci\u00f3n y a<\/p>\n","protected":false},"author":1,"featured_media":17509,"comment_status":"closed","ping_status":"closed","sticky":false,"template":"","format":"standard","meta":{"footnotes":"","jetpack_publicize_message":"","jetpack_publicize_feature_enabled":true,"jetpack_social_post_already_shared":true,"jetpack_social_options":{"image_generator_settings":{"template":"highway","enabled":false},"version":2}},"categories":[4],"tags":[],"class_list":["post-17508","post","type-post","status-publish","format-standard","has-post-thumbnail","hentry","category-nacionales"],"jetpack_publicize_connections":[],"_links":{"self":[{"href":"https:\/\/diariorepublica.com.ar\/web\/index.php\/wp-json\/wp\/v2\/posts\/17508"}],"collection":[{"href":"https:\/\/diariorepublica.com.ar\/web\/index.php\/wp-json\/wp\/v2\/posts"}],"about":[{"href":"https:\/\/diariorepublica.com.ar\/web\/index.php\/wp-json\/wp\/v2\/types\/post"}],"author":[{"embeddable":true,"href":"https:\/\/diariorepublica.com.ar\/web\/index.php\/wp-json\/wp\/v2\/users\/1"}],"replies":[{"embeddable":true,"href":"https:\/\/diariorepublica.com.ar\/web\/index.php\/wp-json\/wp\/v2\/comments?post=17508"}],"version-history":[{"count":1,"href":"https:\/\/diariorepublica.com.ar\/web\/index.php\/wp-json\/wp\/v2\/posts\/17508\/revisions"}],"predecessor-version":[{"id":17510,"href":"https:\/\/diariorepublica.com.ar\/web\/index.php\/wp-json\/wp\/v2\/posts\/17508\/revisions\/17510"}],"wp:featuredmedia":[{"embeddable":true,"href":"https:\/\/diariorepublica.com.ar\/web\/index.php\/wp-json\/wp\/v2\/media\/17509"}],"wp:attachment":[{"href":"https:\/\/diariorepublica.com.ar\/web\/index.php\/wp-json\/wp\/v2\/media?parent=17508"}],"wp:term":[{"taxonomy":"category","embeddable":true,"href":"https:\/\/diariorepublica.com.ar\/web\/index.php\/wp-json\/wp\/v2\/categories?post=17508"},{"taxonomy":"post_tag","embeddable":true,"href":"https:\/\/diariorepublica.com.ar\/web\/index.php\/wp-json\/wp\/v2\/tags?post=17508"}],"curies":[{"name":"wp","href":"https:\/\/api.w.org\/{rel}","templated":true}]}}