{"id":17539,"date":"2024-08-20T10:47:35","date_gmt":"2024-08-20T13:47:35","guid":{"rendered":"https:\/\/diariorepublica.com.ar\/web\/?p=17539"},"modified":"2024-08-20T10:47:37","modified_gmt":"2024-08-20T13:47:37","slug":"buscan-intensamente-a-una-nina-de-diez-anos","status":"publish","type":"post","link":"https:\/\/diariorepublica.com.ar\/web\/index.php\/policiales\/2024\/08\/20\/buscan-intensamente-a-una-nina-de-diez-anos\/","title":{"rendered":"Buscan intensamente a una ni\u00f1a de diez a\u00f1os"},"content":{"rendered":"<p>Jazm\u00edn desapareci\u00f3 de la puerta de su casa del Barrio Liberal, a pocos metros de Avenida Alem.<\/p>\n<p>Una ni\u00f1a de 10 a\u00f1os est\u00e1 siendo intensamente buscada por las autoridades, luego de que su familia se presentara este martes en la Comisar\u00eda D\u00e9cima para denunciar su desaparici\u00f3n.<\/p>\n<p>Familiares relataron que Giovana Jazm\u00edn Herrera de 10 a\u00f1os se encontraba jugando en las afueras de su casa y que no les llam\u00f3 la atenci\u00f3n que no regresara.<\/p>\n<p>Al momento de su desaparici\u00f3n, la peque\u00f1a vest\u00eda una campera tipo rompeviento de color rojo, calza negra y zapatillas deportivas blancas. Es de contextura f\u00edsica delgada, mide entre 1,20 y 1,40 metros,\u00a0 tez trigue\u00f1a y cabello hasta los hombros.<\/p>\n<p>Se solicita a la comunidad que cualquier informaci\u00f3n que pueda ser \u00fatil para dar con su paradero, se comuniquen al 911.<\/p>\n","protected":false},"excerpt":{"rendered":"<p>Jazm\u00edn desapareci\u00f3 de la puerta de su casa del Barrio Liberal, a pocos metros de Avenida Alem. Una ni\u00f1a de<\/p>\n","protected":false},"author":2,"featured_media":17540,"comment_status":"closed","ping_status":"closed","sticky":false,"template":"","format":"standard","meta":{"footnotes":"","jetpack_publicize_message":"","jetpack_publicize_feature_enabled":true,"jetpack_social_post_already_shared":true,"jetpack_social_options":{"image_generator_settings":{"template":"highway","enabled":false},"version":2}},"categories":[8],"tags":[],"class_list":["post-17539","post","type-post","status-publish","format-standard","has-post-thumbnail","hentry","category-policiales"],"jetpack_publicize_connections":[],"_links":{"self":[{"href":"https:\/\/diariorepublica.com.ar\/web\/index.php\/wp-json\/wp\/v2\/posts\/17539"}],"collection":[{"href":"https:\/\/diariorepublica.com.ar\/web\/index.php\/wp-json\/wp\/v2\/posts"}],"about":[{"href":"https:\/\/diariorepublica.com.ar\/web\/index.php\/wp-json\/wp\/v2\/types\/post"}],"author":[{"embeddable":true,"href":"https:\/\/diariorepublica.com.ar\/web\/index.php\/wp-json\/wp\/v2\/users\/2"}],"replies":[{"embeddable":true,"href":"https:\/\/diariorepublica.com.ar\/web\/index.php\/wp-json\/wp\/v2\/comments?post=17539"}],"version-history":[{"count":1,"href":"https:\/\/diariorepublica.com.ar\/web\/index.php\/wp-json\/wp\/v2\/posts\/17539\/revisions"}],"predecessor-version":[{"id":17541,"href":"https:\/\/diariorepublica.com.ar\/web\/index.php\/wp-json\/wp\/v2\/posts\/17539\/revisions\/17541"}],"wp:featuredmedia":[{"embeddable":true,"href":"https:\/\/diariorepublica.com.ar\/web\/index.php\/wp-json\/wp\/v2\/media\/17540"}],"wp:attachment":[{"href":"https:\/\/diariorepublica.com.ar\/web\/index.php\/wp-json\/wp\/v2\/media?parent=17539"}],"wp:term":[{"taxonomy":"category","embeddable":true,"href":"https:\/\/diariorepublica.com.ar\/web\/index.php\/wp-json\/wp\/v2\/categories?post=17539"},{"taxonomy":"post_tag","embeddable":true,"href":"https:\/\/diariorepublica.com.ar\/web\/index.php\/wp-json\/wp\/v2\/tags?post=17539"}],"curies":[{"name":"wp","href":"https:\/\/api.w.org\/{rel}","templated":true}]}}