{"id":17555,"date":"2024-08-21T00:11:00","date_gmt":"2024-08-21T03:11:00","guid":{"rendered":"https:\/\/diariorepublica.com.ar\/web\/?p=17555"},"modified":"2024-08-21T07:13:01","modified_gmt":"2024-08-21T10:13:01","slug":"se-amplia-la-inscripcion-para-personas-de-50-a-59-anos-para-acceder-a-la-vacuna-contra-el-dengue","status":"publish","type":"post","link":"https:\/\/diariorepublica.com.ar\/web\/index.php\/sociedad\/2024\/08\/21\/se-amplia-la-inscripcion-para-personas-de-50-a-59-anos-para-acceder-a-la-vacuna-contra-el-dengue\/","title":{"rendered":"Se ampl\u00eda la inscripci\u00f3n para personas de 50 a 59 a\u00f1os para acceder a la vacuna contra el Dengue"},"content":{"rendered":"<p>Hoy se habilita la inscripci\u00f3n para personas de 50 a 59 a\u00f1os, que corresponde a la segunda etapa de vacunaci\u00f3n contra el Dengue.<\/p>\n<p>Cabe mencionar que los requisitos para el acceso a la vacuna son contar con\u00a0\u00a0Cobertura P\u00fablica Exclusiva (CPE) y vivir en el departamento Capital.<\/p>\n<p>Es importante tener en cuenta que por tratarse de una vacuna a virus vivo atenuado, est\u00e1 contraindicada en:<\/p>\n<p>* Embarazadas o en per\u00edodo de lactancia.<\/p>\n<p>* Personas que utilizan medicamentos que afectan al sistema inmunitario<\/p>\n<p>(corticoesteroides en dosis altas, quimioterapia).<\/p>\n<p>* Personas con un sistema inmunitario d\u00e9bil (puede deberse a un defecto gen\u00e9tico o<\/p>\n<p>una infecci\u00f3n por el virus de la inmunodeficiencia humana &#8211; VIH).<\/p>\n<p>Para obtener un turno, se debe completar el formulario en el Sistema de Turnos Web de los organismos p\u00fablicos de la provincia, disponible en: http:\/\/turnos-vacunacion.catamarca.gob.ar\/.<\/p>\n<p>Los nodos de vacunaci\u00f3n habilitados para la vacuna Qdenga son: Vacunatorio Central, Hospital San Juan Bautista, Hospital de Ni\u00f1os Eva Per\u00f3n, Maternidad Provincial 25 de Mayo, CAPS Edgardo Acu\u00f1a, CAPS Carlos Bravo y Centro Sanitario Valle Chico.<\/p>\n<p>El prop\u00f3sito de la campa\u00f1a es inmunizar a la poblaci\u00f3n objetivo, con el fin de disminuir la morbimortalidad por Dengue en Catamarca.<\/p>\n","protected":false},"excerpt":{"rendered":"<p>Hoy se habilita la inscripci\u00f3n para personas de 50 a 59 a\u00f1os, que corresponde a la segunda etapa de vacunaci\u00f3n<\/p>\n","protected":false},"author":1,"featured_media":17556,"comment_status":"closed","ping_status":"closed","sticky":false,"template":"","format":"standard","meta":{"footnotes":"","jetpack_publicize_message":"","jetpack_publicize_feature_enabled":true,"jetpack_social_post_already_shared":true,"jetpack_social_options":{"image_generator_settings":{"template":"highway","enabled":false},"version":2}},"categories":[3],"tags":[],"class_list":["post-17555","post","type-post","status-publish","format-standard","has-post-thumbnail","hentry","category-sociedad"],"jetpack_publicize_connections":[],"_links":{"self":[{"href":"https:\/\/diariorepublica.com.ar\/web\/index.php\/wp-json\/wp\/v2\/posts\/17555"}],"collection":[{"href":"https:\/\/diariorepublica.com.ar\/web\/index.php\/wp-json\/wp\/v2\/posts"}],"about":[{"href":"https:\/\/diariorepublica.com.ar\/web\/index.php\/wp-json\/wp\/v2\/types\/post"}],"author":[{"embeddable":true,"href":"https:\/\/diariorepublica.com.ar\/web\/index.php\/wp-json\/wp\/v2\/users\/1"}],"replies":[{"embeddable":true,"href":"https:\/\/diariorepublica.com.ar\/web\/index.php\/wp-json\/wp\/v2\/comments?post=17555"}],"version-history":[{"count":1,"href":"https:\/\/diariorepublica.com.ar\/web\/index.php\/wp-json\/wp\/v2\/posts\/17555\/revisions"}],"predecessor-version":[{"id":17557,"href":"https:\/\/diariorepublica.com.ar\/web\/index.php\/wp-json\/wp\/v2\/posts\/17555\/revisions\/17557"}],"wp:featuredmedia":[{"embeddable":true,"href":"https:\/\/diariorepublica.com.ar\/web\/index.php\/wp-json\/wp\/v2\/media\/17556"}],"wp:attachment":[{"href":"https:\/\/diariorepublica.com.ar\/web\/index.php\/wp-json\/wp\/v2\/media?parent=17555"}],"wp:term":[{"taxonomy":"category","embeddable":true,"href":"https:\/\/diariorepublica.com.ar\/web\/index.php\/wp-json\/wp\/v2\/categories?post=17555"},{"taxonomy":"post_tag","embeddable":true,"href":"https:\/\/diariorepublica.com.ar\/web\/index.php\/wp-json\/wp\/v2\/tags?post=17555"}],"curies":[{"name":"wp","href":"https:\/\/api.w.org\/{rel}","templated":true}]}}