{"id":17558,"date":"2024-08-21T05:27:00","date_gmt":"2024-08-21T08:27:00","guid":{"rendered":"https:\/\/diariorepublica.com.ar\/web\/?p=17558"},"modified":"2024-08-21T07:28:34","modified_gmt":"2024-08-21T10:28:34","slug":"fabiola-yanez-aporto-a-la-causa-los-chats-con-exministra-ayelen-mazzina","status":"publish","type":"post","link":"https:\/\/diariorepublica.com.ar\/web\/index.php\/nacionales\/2024\/08\/21\/fabiola-yanez-aporto-a-la-causa-los-chats-con-exministra-ayelen-mazzina\/","title":{"rendered":"Fabiola Ya\u00f1ez aport\u00f3 a la causa los chats con exministra Ayel\u00e9n Mazzina"},"content":{"rendered":"<article id=\"article-post\" class=\"first\">\n<div class=\"cuerpo\" data-twitter-link=\"https:\/\/twitter.com\/intent\/tweet?url=https:\/\/www.diariopopular.com.ar\/c801821&amp;via=poopulardiario&amp;related=Popular&amp;text=\">\n<p><strong>La exprimera dama Fabiola Ya\u00f1ez<\/strong>\u00a0aport\u00f3 ante la Justicia los mensajes que hab\u00eda intercambiado con\u00a0<strong>la exministra de G\u00e9nero Ayel\u00e9n Mazzina\u00a0<\/strong>y pidi\u00f3 que no se investigue un celular personal que utilizaba al comienzo del gobierno de\u00a0<strong>Alberto Fern\u00e1ndez.<\/strong><\/p>\n<\/div>\n<\/article>\n<article id=\"article-post\">\n<div class=\"cuerpo\" data-twitter-link=\"https:\/\/twitter.com\/intent\/tweet?url=https:\/\/www.diariopopular.com.ar\/c801821&amp;via=poopulardiario&amp;related=Popular&amp;text=\">\n<p>Seg\u00fan el portal\u00a0<strong>Infobae,<\/strong>\u00a0en la presentaci\u00f3n, la defensa de Ya\u00f1ez tambi\u00e9n desisti\u00f3 del testimonio de una abogada espa\u00f1ola y pidi\u00f3 que la madre de la denunciante declare por zoom desde su casa. La intenci\u00f3n es que evite el contacto con los medios de prensa en el consulado argentino en Madrid.<\/p>\n<p>\u201cRespecto del n\u00famero XXX solicito la misma limitaci\u00f3n en cuanto a llamadas entrantes y salientes que lo peticionado respecto a los otros tel\u00e9fonos\u201d, dice el escrito. Se refiere a un tel\u00e9fono personal que utilizaba al comienzo del gobierno de Alberto Fern\u00e1ndez.<\/p>\n<p>La respuesta de Mazzina qued\u00f3 registrada a las 3:02 PM del 5 de agosto. \u201cNunca me pediste ayuda, dijiste que ten\u00edas que contarme algo. Quedamos en vernos en el despacho en varias oportunidades. Te mande mensajes en varias oportunidades yo no quer\u00eda ser pesada sin saber que era lo que pasaba. Nunca pudimos hablar a solas, siempre estaba la seguridad enfrente (&#8230;) Lamento que te quedes con esa imagen, ayer lo primero q hice cuando le\u00ed todo redactamos un documento y escribi en Tuiter (sic)\u201d.<\/p>\n<div id=\"714416-Libre-296714477_wrap\" class=\"embed_cont type_imagen\" contenteditable=\"false\">\n<div id=\"714416-Libre-296714477_content\" class=\"embed_content\"><img decoding=\"async\" id=\"714416-Libre-296714477_embed\" title=\"\" src=\"https:\/\/media.diariopopular.com.ar\/p\/44167cab8fb790921740c13b680e3bf3\/adjuntos\/143\/imagenes\/008\/157\/0008157944\/1140x0\/smart\/imagepng.png\" alt=\"\" width=\"1140\" height=\"undefined\" longdesc=\"https:\/\/media.diariopopular.com.ar\/p\/44167cab8fb790921740c13b680e3bf3\/adjuntos\/143\/imagenes\/008\/157\/0008157944\/1140x0\/smart\/imagepng.png\" \/><\/div>\n<div id=\"714416-Libre-296714477_epigrafe\" class=\"embed_epigrafe\"><\/div>\n<div id=\"714416-Libre-296714477_copyright\" class=\"embed_copyright\"><\/div>\n<\/div>\n<p>A las 4:53 de ese mismo d\u00eda, Ya\u00f1ez contest\u00f3: \u201cMuchas gracias Aye. Ya no hay mucho por hacer. La estoy pasando fatal\u201d.<\/p>\n<p>Los mensajes con la ex Ministra comenzaron el 4 de agosto pasado. \u201cHola Fabi. Simplemente que sepas que estoy. Lo que necesites a disposici\u00f3n\u201d, arranca la funcionar\u00eda de Alberto Fern\u00e1ndez.<\/p>\n<p>La respuesta de Ya\u00f1ez fue al d\u00eda siguiente: \u201cBuen d\u00eda yo te lleva a Brasil a dar una conferencia con Janja y te ped\u00ed por favor ayuda. Vos era la Ministra de Gernero y mujeres. Sino me ayudaste a m\u00ed que queda para el resto de las mujeres v\u00edctimas como yo. Que despu\u00e9s ellos se salvan acus\u00e1ndote de loca y que auto lesionas. Ese era el momento en el que necesitaba ayuda m\u00e1s que nunca. Igualmente es de bien nacido ser agradecido. Me hubiese gustado que las cosas fueran diferentes. Un beso\u201d.<\/p>\n<p><strong>Ayel\u00e9n Mazzina, exministra de Mujeres, G\u00e9nero y Diversidad de la Naci\u00f3n,\u00a0<\/strong>sum\u00f3 a su declaraci\u00f3n judicial, varias capturas de chats por Whatsapp que mantuvo con la ex primera dama, Fabiola Ya\u00f1ez para desmentir el pedido de ayuda que supuestamente hab\u00eda solicitado por padecer violencia de g\u00e9nero por parte del por entonces presidente, Alberto Fern\u00e1ndez.<\/p>\n<p>En di\u00e1logo con Noticias Argentinas, la exfuncionaria confirm\u00f3 que esos chats \u201cson reales\u201d, que est\u00e1n \u201ccertificados por escribana\u201d y que fueron presentados \u201cen un escrito con todo el relato\u201d.<\/p>\n<p>En esos mensajes se pueden leer conversaciones en torno a temas puntualmente destinados a Mujeres y G\u00e9nero e, incluso, a Ya\u00f1ez afirmando que hab\u00eda sentido \u201cuna empat\u00eda muy grande\u201d con Mazzina y vaticinando que \u201cpod\u00edan hacer grandes cosas juntas si se lo propon\u00edan\u201d.<\/p>\n<p>\u201cYo tengo un solo objetivo: sumar y acompa\u00f1ar a este proyecto Nacional. Tengo esperanzas y fe de que podemos lograr un cambio\u201d, respondi\u00f3 Mazzina en una de las capturas.<\/p>\n<p>La semana pasada, la ex funcionaria present\u00f3 un documento ante la fiscal\u00eda de Ramiro Gonz\u00e1lez en el que desment\u00eda las afirmaciones de Ya\u00f1ez, quien aseguraba que Mazzina sab\u00eda de la situaci\u00f3n de violencia que padec\u00eda mientras era la esposa del expresidente y conviv\u00edan en Olivos.<\/p>\n<p>Seg\u00fan declar\u00f3, la primera vez que habl\u00f3 con la exprimera dama fue el 22 de abril del a\u00f1o 2023, durante un almuerzo en la Quinta presidencial, con la presencia del presidente y que, desde ese momento, s\u00f3lo hablaron por Whatsapp y de cuestiones laborales.<\/p>\n<p>En una entrevista realizada por la agencia NA, la ex ministra sostuvo que Ya\u00f1ez \u201cno le pidi\u00f3 ayuda\u201d y que como funcionaria \u201cjam\u00e1s le dio la espalda a nadie\u201d, que si ese pedido de ayuda hubiera sucedido \u201cle creer\u00eda a ella\u201d, como ya lo hab\u00eda expresado antes de que hiciera la primera denuncia.<\/p>\n<p>\u201cSi eso hubiera pasado, habr\u00eda renunciado a mi cargo, ya que nunca ser\u00eda c\u00f3mplice de un gobierno con estas caracter\u00edsticas\u201d, asever\u00f3 Mazzina.<\/p>\n<\/div>\n<\/article>\n","protected":false},"excerpt":{"rendered":"<p>La exprimera dama Fabiola Ya\u00f1ez\u00a0aport\u00f3 ante la Justicia los mensajes que hab\u00eda intercambiado con\u00a0la exministra de G\u00e9nero Ayel\u00e9n Mazzina\u00a0y pidi\u00f3<\/p>\n","protected":false},"author":1,"featured_media":17559,"comment_status":"closed","ping_status":"closed","sticky":false,"template":"","format":"standard","meta":{"footnotes":"","jetpack_publicize_message":"","jetpack_publicize_feature_enabled":true,"jetpack_social_post_already_shared":true,"jetpack_social_options":{"image_generator_settings":{"template":"highway","enabled":false},"version":2}},"categories":[4],"tags":[],"class_list":["post-17558","post","type-post","status-publish","format-standard","has-post-thumbnail","hentry","category-nacionales"],"jetpack_publicize_connections":[],"_links":{"self":[{"href":"https:\/\/diariorepublica.com.ar\/web\/index.php\/wp-json\/wp\/v2\/posts\/17558"}],"collection":[{"href":"https:\/\/diariorepublica.com.ar\/web\/index.php\/wp-json\/wp\/v2\/posts"}],"about":[{"href":"https:\/\/diariorepublica.com.ar\/web\/index.php\/wp-json\/wp\/v2\/types\/post"}],"author":[{"embeddable":true,"href":"https:\/\/diariorepublica.com.ar\/web\/index.php\/wp-json\/wp\/v2\/users\/1"}],"replies":[{"embeddable":true,"href":"https:\/\/diariorepublica.com.ar\/web\/index.php\/wp-json\/wp\/v2\/comments?post=17558"}],"version-history":[{"count":1,"href":"https:\/\/diariorepublica.com.ar\/web\/index.php\/wp-json\/wp\/v2\/posts\/17558\/revisions"}],"predecessor-version":[{"id":17560,"href":"https:\/\/diariorepublica.com.ar\/web\/index.php\/wp-json\/wp\/v2\/posts\/17558\/revisions\/17560"}],"wp:featuredmedia":[{"embeddable":true,"href":"https:\/\/diariorepublica.com.ar\/web\/index.php\/wp-json\/wp\/v2\/media\/17559"}],"wp:attachment":[{"href":"https:\/\/diariorepublica.com.ar\/web\/index.php\/wp-json\/wp\/v2\/media?parent=17558"}],"wp:term":[{"taxonomy":"category","embeddable":true,"href":"https:\/\/diariorepublica.com.ar\/web\/index.php\/wp-json\/wp\/v2\/categories?post=17558"},{"taxonomy":"post_tag","embeddable":true,"href":"https:\/\/diariorepublica.com.ar\/web\/index.php\/wp-json\/wp\/v2\/tags?post=17558"}],"curies":[{"name":"wp","href":"https:\/\/api.w.org\/{rel}","templated":true}]}}