{"id":17564,"date":"2024-08-21T01:31:00","date_gmt":"2024-08-21T04:31:00","guid":{"rendered":"https:\/\/diariorepublica.com.ar\/web\/?p=17564"},"modified":"2024-08-21T07:32:44","modified_gmt":"2024-08-21T10:32:44","slug":"el-fiscal-de-la-causa-contra-alberto-fernandez-rechazo-pasar-el-expediente-a-san-isidro","status":"publish","type":"post","link":"https:\/\/diariorepublica.com.ar\/web\/index.php\/nacionales\/2024\/08\/21\/el-fiscal-de-la-causa-contra-alberto-fernandez-rechazo-pasar-el-expediente-a-san-isidro\/","title":{"rendered":"El fiscal de la causa contra Alberto Fern\u00e1ndez rechaz\u00f3 pasar el expediente a San Isidro"},"content":{"rendered":"<p>El fiscal Ramiro Gonz\u00e1lez, que lleva la causa por violencia de g\u00e9nero contra el expresidente Alberto Fern\u00e1ndez, rechaz\u00f3 este martes el pedido del exmandatario para que el expediente pase a la Justicia de San Isidro y remarc\u00f3 que el tr\u00e1mite debe permanecer en los tribunales federales de Comodoro Py.<\/p>\n<p>En la resoluci\u00f3n, el fiscal rechaz\u00f3 el planteo de \u00abincompetencia\u00bb que hab\u00eda formulado la defensa de Fern\u00e1ndez.<\/p>\n<p>El fiscal argument\u00f3 que \u00abm\u00e1s all\u00e1 de las calificaciones legales que eventualmente corresponda asignar de un modo definitivo a los hechos objeto del proceso, estos surgen de un relato que revela un contexto de violencia de g\u00e9nero asentado sobre una relaci\u00f3n asim\u00e9trica y desigual de poder que se ha desarrollado a lo largo del tiempo\u00bb.<\/p>\n<p>\u00abEstas caracter\u00edsticas imponen un comportamiento prudente a la horade definir la intervenci\u00f3n del juez que habr\u00e1 de intervenir en raz\u00f3n del territorio pues, justamente, el tiempo, el contexto y las formas violentas de ejercicio de poder que han sido denunciadas no pueden asignarse, de momento, a un enclave geogr\u00e1fico \u00fanico y determinado\u00bb, a\u00f1adi\u00f3.<\/p>\n<p>La defensa de Fern\u00e1ndez hab\u00eda planteado que, por tratarse de hechos de violencia que habr\u00edan ocurrido en la Quinta de Olivos, el expediente deber\u00eda pasar al Poder Judicial de San Isidro. El fiscal sostuvo en su resoluci\u00f3n que \u00ablas caracter\u00edsticas de los hechos objeto del proceso sugieren con claridad que la declaraci\u00f3n de incompetencia territorial\u00bb solicitada por Fern\u00e1ndez \u00abse presenta como prematura\u00bb.<\/p>\n<p>\u00abSeg\u00fan la opini\u00f3n del Misterio P\u00fablico Fiscal, corresponde que, por el momento, el caso quede bajo la competencia del Sr. juez federal delegante con el objeto de esclarecer los extremos relevantes de la pesquisa, determinar definitivamente el objeto procesal, y asignar las calificaciones legales del caso como paso previo a decidir, de un modo definitivo, acerca de la asignaci\u00f3n territorial que pudiere corresponder\u00bb, sostuvo Gonz\u00e1lez.<\/p>\n<p>Y advirti\u00f3 que \u00ablo contrario implicar\u00eda per se quede un modo apresurado y prematuro se asignen nuevos operadores al caso, se obture la investigaci\u00f3n que se encuentra en curso y se incrementen los riesgos de revictimizaci\u00f3n que es, justamente, lo que la ley impone evitar\u00bb.<\/p>\n<p>Por otro lado, Fern\u00e1ndez tambi\u00e9n realiz\u00f3 un pedido formal para prohibir la difusi\u00f3n de sus fotos y videos en medios de comunicaci\u00f3n convencionales y digitales, y reclam\u00f3 que, adem\u00e1s, se eliminen las im\u00e1genes que ya se publicaron.<\/p>\n<p>Seg\u00fan La Naci\u00f3n, la argumentaci\u00f3n que present\u00f3 el ex mandatario se basa en \u00abla protecci\u00f3n del derecho a la privacidad\u00bb y en la \u00abintegridad de los derechos del ni\u00f1o\u00bb, dado que podr\u00eda afectar a sus hijos, tanto en el presente como en el futuro y que tambi\u00e9n viola su honor como individuo. Asimismo, manifest\u00f3 que los derechos que est\u00e1n en juego son \u00abveros\u00edmiles y casi evidentes\u00bb y que la tutela judicial que deber\u00eda haber \u00abes esencial\u00bb.<\/p>\n<p>Esta medida cautelar se registr\u00f3 en el fuero Civil y Comercial Federal y, adem\u00e1s de los canales tradicionales de comunicaci\u00f3n, est\u00e1 dirigido a las empresas digitales Google, Facebook, X y Yahoo.<\/p>\n<p>Fuente: NA.<\/p>\n","protected":false},"excerpt":{"rendered":"<p>El fiscal Ramiro Gonz\u00e1lez, que lleva la causa por violencia de g\u00e9nero contra el expresidente Alberto Fern\u00e1ndez, rechaz\u00f3 este martes<\/p>\n","protected":false},"author":1,"featured_media":17565,"comment_status":"closed","ping_status":"closed","sticky":false,"template":"","format":"standard","meta":{"footnotes":"","jetpack_publicize_message":"","jetpack_publicize_feature_enabled":true,"jetpack_social_post_already_shared":true,"jetpack_social_options":{"image_generator_settings":{"template":"highway","enabled":false},"version":2}},"categories":[4],"tags":[],"class_list":["post-17564","post","type-post","status-publish","format-standard","has-post-thumbnail","hentry","category-nacionales"],"jetpack_publicize_connections":[],"_links":{"self":[{"href":"https:\/\/diariorepublica.com.ar\/web\/index.php\/wp-json\/wp\/v2\/posts\/17564"}],"collection":[{"href":"https:\/\/diariorepublica.com.ar\/web\/index.php\/wp-json\/wp\/v2\/posts"}],"about":[{"href":"https:\/\/diariorepublica.com.ar\/web\/index.php\/wp-json\/wp\/v2\/types\/post"}],"author":[{"embeddable":true,"href":"https:\/\/diariorepublica.com.ar\/web\/index.php\/wp-json\/wp\/v2\/users\/1"}],"replies":[{"embeddable":true,"href":"https:\/\/diariorepublica.com.ar\/web\/index.php\/wp-json\/wp\/v2\/comments?post=17564"}],"version-history":[{"count":1,"href":"https:\/\/diariorepublica.com.ar\/web\/index.php\/wp-json\/wp\/v2\/posts\/17564\/revisions"}],"predecessor-version":[{"id":17566,"href":"https:\/\/diariorepublica.com.ar\/web\/index.php\/wp-json\/wp\/v2\/posts\/17564\/revisions\/17566"}],"wp:featuredmedia":[{"embeddable":true,"href":"https:\/\/diariorepublica.com.ar\/web\/index.php\/wp-json\/wp\/v2\/media\/17565"}],"wp:attachment":[{"href":"https:\/\/diariorepublica.com.ar\/web\/index.php\/wp-json\/wp\/v2\/media?parent=17564"}],"wp:term":[{"taxonomy":"category","embeddable":true,"href":"https:\/\/diariorepublica.com.ar\/web\/index.php\/wp-json\/wp\/v2\/categories?post=17564"},{"taxonomy":"post_tag","embeddable":true,"href":"https:\/\/diariorepublica.com.ar\/web\/index.php\/wp-json\/wp\/v2\/tags?post=17564"}],"curies":[{"name":"wp","href":"https:\/\/api.w.org\/{rel}","templated":true}]}}