{"id":17579,"date":"2024-08-21T00:01:00","date_gmt":"2024-08-21T03:01:00","guid":{"rendered":"https:\/\/diariorepublica.com.ar\/web\/?p=17579"},"modified":"2024-08-21T07:42:54","modified_gmt":"2024-08-21T10:42:54","slug":"viruela-del-mono-en-argentina-aislaron-a-un-buque-en-rio-parana-por-sintomas-en-su-tripulacion","status":"publish","type":"post","link":"https:\/\/diariorepublica.com.ar\/web\/index.php\/nacionales\/2024\/08\/21\/viruela-del-mono-en-argentina-aislaron-a-un-buque-en-rio-parana-por-sintomas-en-su-tripulacion\/","title":{"rendered":"Viruela del mono en Argentina:\u00a0aislaron a un buque en R\u00edo Paran\u00e1 por s\u00edntomas en su tripulaci\u00f3n"},"content":{"rendered":"<p>Personal de Sanidad de Frontera, que depende del Ministerio de Seguridad de la Naci\u00f3n, se aprestaba este martes a subir a bordo de\u00a0<strong>un buque que proced\u00eda de Europa y se dirig\u00eda al puerto de San Lorenzo con s\u00edntomas compatibles con la viruela del mono en parte de su tripulaci\u00f3n.<\/strong><\/p>\n<p>Se trata del\u00a0<strong>barco cerealero INA-LOTTE, que tiene bandera de Liberia<\/strong>, seg\u00fan lo informado por el sitio del diario rosarino La Capital.<\/p>\n<p>Los agentes sanitarios aguardaban la llegada del buque al puerto de San Lorenzo para\u00a0<strong>activar el protocolo previsto para estos casos, dictado por la Organizaci\u00f3n Mundial de la Salud (OMS).<\/strong><\/p>\n<p>Al carecer de \u00ablibre pl\u00e1tica\u00bb,\u00a0<strong>al buque solo puede ascender personal sanitario autorizado y nadie puede bajar hasta que se determine la situaci\u00f3n de las personas con s\u00edntomas<\/strong>\u00a0sospechosos.<\/p>\n<p>En caso de existir compatibilidad, se enviar\u00e1n muestras para confirmar el diagn\u00f3stico.<strong>\u00a0El mi\u00e9rcoles de la semana pasada la OMS declar\u00f3 a la viruela del mono como una emergencia internacional de salud p\u00fablica<\/strong>, su mayor nivel de alerta.<\/p>\n<p>La viruela del mono<strong>\u00a0es una zoonosis viral selv\u00e1tica causada por un virus que pertenece al g\u00e9nero Orthopoxvirus\u00a0<\/strong>y se encuentra habitualmente en las zonas central y occidental de \u00c1frica, con\u00a0abundantes selvas tropicales.<\/p>\n","protected":false},"excerpt":{"rendered":"<p>Personal de Sanidad de Frontera, que depende del Ministerio de Seguridad de la Naci\u00f3n, se aprestaba este martes a subir<\/p>\n","protected":false},"author":1,"featured_media":17580,"comment_status":"closed","ping_status":"closed","sticky":false,"template":"","format":"standard","meta":{"footnotes":"","jetpack_publicize_message":"","jetpack_publicize_feature_enabled":true,"jetpack_social_post_already_shared":true,"jetpack_social_options":{"image_generator_settings":{"template":"highway","enabled":false},"version":2}},"categories":[4],"tags":[],"class_list":["post-17579","post","type-post","status-publish","format-standard","has-post-thumbnail","hentry","category-nacionales"],"jetpack_publicize_connections":[],"_links":{"self":[{"href":"https:\/\/diariorepublica.com.ar\/web\/index.php\/wp-json\/wp\/v2\/posts\/17579"}],"collection":[{"href":"https:\/\/diariorepublica.com.ar\/web\/index.php\/wp-json\/wp\/v2\/posts"}],"about":[{"href":"https:\/\/diariorepublica.com.ar\/web\/index.php\/wp-json\/wp\/v2\/types\/post"}],"author":[{"embeddable":true,"href":"https:\/\/diariorepublica.com.ar\/web\/index.php\/wp-json\/wp\/v2\/users\/1"}],"replies":[{"embeddable":true,"href":"https:\/\/diariorepublica.com.ar\/web\/index.php\/wp-json\/wp\/v2\/comments?post=17579"}],"version-history":[{"count":1,"href":"https:\/\/diariorepublica.com.ar\/web\/index.php\/wp-json\/wp\/v2\/posts\/17579\/revisions"}],"predecessor-version":[{"id":17581,"href":"https:\/\/diariorepublica.com.ar\/web\/index.php\/wp-json\/wp\/v2\/posts\/17579\/revisions\/17581"}],"wp:featuredmedia":[{"embeddable":true,"href":"https:\/\/diariorepublica.com.ar\/web\/index.php\/wp-json\/wp\/v2\/media\/17580"}],"wp:attachment":[{"href":"https:\/\/diariorepublica.com.ar\/web\/index.php\/wp-json\/wp\/v2\/media?parent=17579"}],"wp:term":[{"taxonomy":"category","embeddable":true,"href":"https:\/\/diariorepublica.com.ar\/web\/index.php\/wp-json\/wp\/v2\/categories?post=17579"},{"taxonomy":"post_tag","embeddable":true,"href":"https:\/\/diariorepublica.com.ar\/web\/index.php\/wp-json\/wp\/v2\/tags?post=17579"}],"curies":[{"name":"wp","href":"https:\/\/api.w.org\/{rel}","templated":true}]}}