{"id":17602,"date":"2024-08-21T16:50:00","date_gmt":"2024-08-21T19:50:00","guid":{"rendered":"https:\/\/diariorepublica.com.ar\/web\/?p=17602"},"modified":"2024-08-21T11:51:42","modified_gmt":"2024-08-21T14:51:42","slug":"play-after-le-pondra-ritmo-al-tercer-episodio-de-la-nueva-temporada-de-nuestras-voces","status":"publish","type":"post","link":"https:\/\/diariorepublica.com.ar\/web\/index.php\/locales\/2024\/08\/21\/play-after-le-pondra-ritmo-al-tercer-episodio-de-la-nueva-temporada-de-nuestras-voces\/","title":{"rendered":"Play After le pondr\u00e1 ritmo al tercer episodio de la nueva temporada de Nuestras Voces"},"content":{"rendered":"<p>Luego de estrenar su cuarta temporada, el ciclo audiovisual \u00abNuestras Voces\u00bb, organizado desde la Vicegobernaci\u00f3n que conduce Rub\u00e9n Dusso, presentando m\u00fasica catamarque\u00f1a en vivo desde la Biblioteca del Senado, prepara el lanzamiento de su tercer episodio para este mi\u00e9rcoles.<\/p>\n<p>El nuevo episodio de Nuestras Voces, que se presentar\u00e1 este mi\u00e9rcoles 21 de agosto a las 20 horas en la fanpage de Facebook de Senado, llega con las canciones del grupo Play After, quienes al ritmo de la cumbia contagian la energ\u00eda positiva de un proyecto art\u00edstico local que crece para darle color y alegr\u00eda Catamarca.<\/p>\n<p>Sobre Nuestra Voces<\/p>\n<p>El ciclo audiovisual de m\u00fasica emitido desde la Biblioteca del Senado hace un recorrido por la cultura catamarque\u00f1a de la mano de artistas e int\u00e9rpretes que ponen de relieve la significancia que para cada uno tiene la historia y letra de la obra que elige para su presentaci\u00f3n, ya sea desde el canto, la copla, el recitado o la m\u00fasica urbana.<\/p>\n<p>El proyecto producido \u00edntegramente por el equipo de Vicegobernaci\u00f3n, cuenta con representantes pertenecientes a los departamentos de la provincia, proponiendo al p\u00fablico tender un puente entre el arte y su significado, como una unidad de sentido que permite a sonido de la voz permite al sonido de la voz o el instrumento, transportar nada m\u00e1s y nada menos que las huellas de la cultura en un momento tan especial de la historia como el actual.<\/p>\n<p>Los episodios de Nuestras Voces, en el siguiente link:\u00a0<a href=\"https:\/\/youtube.com\/@senadodecatamarca7074\" target=\"_blank\" rel=\"noopener\" data-saferedirecturl=\"https:\/\/www.google.com\/url?q=https:\/\/youtube.com\/@senadodecatamarca7074&amp;source=gmail&amp;ust=1724335841781000&amp;usg=AOvVaw0na4ZVaMHy98esmegUUe0r\">https:\/\/youtube.com\/@<wbr \/>senadodecatamarca7074<\/a><\/p>\n","protected":false},"excerpt":{"rendered":"<p>Luego de estrenar su cuarta temporada, el ciclo audiovisual \u00abNuestras Voces\u00bb, organizado desde la Vicegobernaci\u00f3n que conduce Rub\u00e9n Dusso, presentando<\/p>\n","protected":false},"author":1,"featured_media":17603,"comment_status":"closed","ping_status":"closed","sticky":false,"template":"","format":"standard","meta":{"footnotes":"","jetpack_publicize_message":"","jetpack_publicize_feature_enabled":true,"jetpack_social_post_already_shared":true,"jetpack_social_options":{"image_generator_settings":{"template":"highway","enabled":false},"version":2}},"categories":[2],"tags":[],"class_list":["post-17602","post","type-post","status-publish","format-standard","has-post-thumbnail","hentry","category-locales"],"jetpack_publicize_connections":[],"_links":{"self":[{"href":"https:\/\/diariorepublica.com.ar\/web\/index.php\/wp-json\/wp\/v2\/posts\/17602"}],"collection":[{"href":"https:\/\/diariorepublica.com.ar\/web\/index.php\/wp-json\/wp\/v2\/posts"}],"about":[{"href":"https:\/\/diariorepublica.com.ar\/web\/index.php\/wp-json\/wp\/v2\/types\/post"}],"author":[{"embeddable":true,"href":"https:\/\/diariorepublica.com.ar\/web\/index.php\/wp-json\/wp\/v2\/users\/1"}],"replies":[{"embeddable":true,"href":"https:\/\/diariorepublica.com.ar\/web\/index.php\/wp-json\/wp\/v2\/comments?post=17602"}],"version-history":[{"count":1,"href":"https:\/\/diariorepublica.com.ar\/web\/index.php\/wp-json\/wp\/v2\/posts\/17602\/revisions"}],"predecessor-version":[{"id":17604,"href":"https:\/\/diariorepublica.com.ar\/web\/index.php\/wp-json\/wp\/v2\/posts\/17602\/revisions\/17604"}],"wp:featuredmedia":[{"embeddable":true,"href":"https:\/\/diariorepublica.com.ar\/web\/index.php\/wp-json\/wp\/v2\/media\/17603"}],"wp:attachment":[{"href":"https:\/\/diariorepublica.com.ar\/web\/index.php\/wp-json\/wp\/v2\/media?parent=17602"}],"wp:term":[{"taxonomy":"category","embeddable":true,"href":"https:\/\/diariorepublica.com.ar\/web\/index.php\/wp-json\/wp\/v2\/categories?post=17602"},{"taxonomy":"post_tag","embeddable":true,"href":"https:\/\/diariorepublica.com.ar\/web\/index.php\/wp-json\/wp\/v2\/tags?post=17602"}],"curies":[{"name":"wp","href":"https:\/\/api.w.org\/{rel}","templated":true}]}}