{"id":17605,"date":"2024-08-21T12:33:00","date_gmt":"2024-08-21T15:33:00","guid":{"rendered":"https:\/\/diariorepublica.com.ar\/web\/?p=17605"},"modified":"2024-08-21T11:54:32","modified_gmt":"2024-08-21T14:54:32","slug":"la-venta-de-electrodomesticos-disminuyo-un-33-en-el-primer-semestre-del-ano","status":"publish","type":"post","link":"https:\/\/diariorepublica.com.ar\/web\/index.php\/economia\/2024\/08\/21\/la-venta-de-electrodomesticos-disminuyo-un-33-en-el-primer-semestre-del-ano\/","title":{"rendered":"La venta de electrodom\u00e9sticos disminuy\u00f3 un 33% en el primer semestre del a\u00f1o"},"content":{"rendered":"<article id=\"article-post\" class=\"first\">\n<div class=\"cuerpo\" data-twitter-link=\"https:\/\/twitter.com\/intent\/tweet?url=https:\/\/www.diariopopular.com.ar\/c801864&amp;via=poopulardiario&amp;related=Popular&amp;text=\">\n<p>Las ventas de electrodom\u00e9sticos en el mercado minorista no escaparon al declive generalizado del consumo de los \u00faltimos meses y<strong>\u00a0registraron un descenso del 33% interanual<\/strong>\u00a0durante el primer semestre de 2024, seg\u00fan la consultora NielsenIQ.<\/p>\n<\/div>\n<\/article>\n<article id=\"article-post\">\n<div class=\"cuerpo\" data-twitter-link=\"https:\/\/twitter.com\/intent\/tweet?url=https:\/\/www.diariopopular.com.ar\/c801864&amp;via=poopulardiario&amp;related=Popular&amp;text=\">\n<p>La merma en la comercializaci\u00f3n de electrodom\u00e9sticos durante la primera parte del a\u00f1o, estuvo m\u00e1s acentuada en los primeros tres meses, ya que en ese periodo la baja alcanz\u00f3 el 39%, mientras que\u00a0<strong>en el segundo trimestre la ca\u00edda se moder\u00f3 hasta el 27%.<\/strong><\/p>\n<p>El relevamiento aport\u00f3 que las compras presenciales del rubro tuvieron una mayor disminuci\u00f3n que las realizadas de manera online, al exhibir<strong>\u00a0un retroceso del 37% en el comercio f\u00edsico frente a una merma del 19% en el ecommerce.<\/strong><\/p>\n<p>El menor impacto de la ca\u00edda se vio reflejado tambi\u00e9n en el aumento de la participaci\u00f3n de las compras por Internet en el total de ventas, al crecer 5 puntos porcentuales, y en la suba de la facturaci\u00f3n, al incrementarse 2 puntos porcentuales en comparaci\u00f3n con el a\u00f1o anterior.<\/p>\n<p>Entre los sectores analizados,<strong>\u00a0las telecomunicaciones fueron las m\u00e1s afectadas, con una contracci\u00f3n interanual del 49%.<\/strong>\u00a0En tanto que los sectores de peque\u00f1os electrodom\u00e9sticos (-22%) y climatizaci\u00f3n (-20%) tuvieron un descenso menor.<\/p>\n<p>En este sentido, la gerente de Atenci\u00f3n al Cliente de NielsenIQ, Milagros Bin, expres\u00f3 que \u201cen cuanto a sectores, los m\u00e1s afectados por la ca\u00edda son Telecom y L\u00ednea Marr\u00f3n, que incluye categor\u00edas como Celulares y Televisores, las dos m\u00e1s vendidas\u201d, precisando que \u201cregistran disminuciones tanto en unidades como en facturaci\u00f3n, contribuyendo significativamente al descenso del 33%\u201d.<\/p>\n<p>Adem\u00e1s, indic\u00f3 que \u201cen la distribuci\u00f3n total de las unidades vendidas, tambi\u00e9n pierden participaci\u00f3n tanto en volumen como en ingresos\u201d, y revel\u00f3 que dentro del segmento de smartphones, est\u00e1n creciendo las opciones m\u00e1s econ\u00f3micas y las marcas alternativas.<\/p>\n<p>Al evaluar el panorama para el sector en los pr\u00f3ximos meses, la ejecutiva se\u00f1al\u00f3 que \u201caunque el mercado de electrodom\u00e9sticos en la Argentina enfrenta una ca\u00edda significativa, el crecimiento del comercio online y la resiliencia de algunos sectores ofrecen una\u00a0<strong>perspectiva m\u00e1s matizada\u201d<\/strong>\u00a0y consider\u00f3 que \u201cla evoluci\u00f3n de estas tendencias en los pr\u00f3ximos meses ser\u00e1 clave para determinar si la recuperaci\u00f3n observada en el segundo trimestre se mantendr\u00e1\u201d.<\/p>\n<\/div>\n<\/article>\n","protected":false},"excerpt":{"rendered":"<p>Las ventas de electrodom\u00e9sticos en el mercado minorista no escaparon al declive generalizado del consumo de los \u00faltimos meses y\u00a0registraron<\/p>\n","protected":false},"author":1,"featured_media":17606,"comment_status":"closed","ping_status":"closed","sticky":false,"template":"","format":"standard","meta":{"footnotes":"","jetpack_publicize_message":"","jetpack_publicize_feature_enabled":true,"jetpack_social_post_already_shared":true,"jetpack_social_options":{"image_generator_settings":{"template":"highway","enabled":false},"version":2}},"categories":[5],"tags":[],"class_list":["post-17605","post","type-post","status-publish","format-standard","has-post-thumbnail","hentry","category-economia"],"jetpack_publicize_connections":[],"_links":{"self":[{"href":"https:\/\/diariorepublica.com.ar\/web\/index.php\/wp-json\/wp\/v2\/posts\/17605"}],"collection":[{"href":"https:\/\/diariorepublica.com.ar\/web\/index.php\/wp-json\/wp\/v2\/posts"}],"about":[{"href":"https:\/\/diariorepublica.com.ar\/web\/index.php\/wp-json\/wp\/v2\/types\/post"}],"author":[{"embeddable":true,"href":"https:\/\/diariorepublica.com.ar\/web\/index.php\/wp-json\/wp\/v2\/users\/1"}],"replies":[{"embeddable":true,"href":"https:\/\/diariorepublica.com.ar\/web\/index.php\/wp-json\/wp\/v2\/comments?post=17605"}],"version-history":[{"count":1,"href":"https:\/\/diariorepublica.com.ar\/web\/index.php\/wp-json\/wp\/v2\/posts\/17605\/revisions"}],"predecessor-version":[{"id":17607,"href":"https:\/\/diariorepublica.com.ar\/web\/index.php\/wp-json\/wp\/v2\/posts\/17605\/revisions\/17607"}],"wp:featuredmedia":[{"embeddable":true,"href":"https:\/\/diariorepublica.com.ar\/web\/index.php\/wp-json\/wp\/v2\/media\/17606"}],"wp:attachment":[{"href":"https:\/\/diariorepublica.com.ar\/web\/index.php\/wp-json\/wp\/v2\/media?parent=17605"}],"wp:term":[{"taxonomy":"category","embeddable":true,"href":"https:\/\/diariorepublica.com.ar\/web\/index.php\/wp-json\/wp\/v2\/categories?post=17605"},{"taxonomy":"post_tag","embeddable":true,"href":"https:\/\/diariorepublica.com.ar\/web\/index.php\/wp-json\/wp\/v2\/tags?post=17605"}],"curies":[{"name":"wp","href":"https:\/\/api.w.org\/{rel}","templated":true}]}}