{"id":17668,"date":"2024-08-23T00:14:00","date_gmt":"2024-08-23T03:14:00","guid":{"rendered":"https:\/\/diariorepublica.com.ar\/web\/?p=17668"},"modified":"2024-08-23T07:14:57","modified_gmt":"2024-08-23T10:14:57","slug":"el-senado-avanzo-con-la-sancion-de-importantes-leyes","status":"publish","type":"post","link":"https:\/\/diariorepublica.com.ar\/web\/index.php\/locales\/2024\/08\/23\/el-senado-avanzo-con-la-sancion-de-importantes-leyes\/","title":{"rendered":"<strong>El Senado avanz\u00f3 con la sanci\u00f3n de importantes leyes<\/strong>"},"content":{"rendered":"<p>Este jueves se llev\u00f3 adelante la d\u00e9cima tercera sesi\u00f3n ordinaria de la C\u00e1mara Alta encabezada en la oportunidad por la vicepresidenta, senadora Andrea Lobo. El Pleno aprob\u00f3 tres proyectos de Ley y acompa\u00f1\u00f3 diversas declaraciones de inter\u00e9s.<\/p>\n<p>Programa de Reciclaje<br \/>\nContando con Despacho de Comisi\u00f3n, el Pleno otorg\u00f3 media sanci\u00f3n en revisi\u00f3n al proyecto de Ley autor\u00eda de la diputada Alejandra Pons, referido a la creaci\u00f3n del Programa Educativo de Reciclaje destinado a los niveles educativos primarios y secundarios de todos los establecimientos de esta Provincia.<\/p>\n<p>La presente Ley tiene por objeto formar a los educandos en la reutilizaci\u00f3n y reciclado de residuos con los cuales se generen nuevos productos que beneficien al establecimiento educativo y a la comunidad, clasificando los residuos en contenedores de diferentes colores.<\/p>\n<p>\u201cEste proyecto est\u00e1 destinado a ni\u00f1os y adolescentes de nuestra Provincia desde la comunidad educativa, el cual busca educar, concientizar y poner en pr\u00e1ctica todo lo referente al reciclaje, y la clasificaci\u00f3n de residuos\u201d expresa la iniciativa entre sus fundamentos que fueron expuestos por el senador Ariel Cordero quien ofici\u00f3 de miembro informante.<\/p>\n<p>La normativa apunta adem\u00e1s, a la capacitaci\u00f3n docente para que los mismos puedan transmitir los conocimientos adquiridos a trav\u00e9s de diferentes m\u00e9todos did\u00e1cticos y\/o t\u00e9cnicas sobre la necesidad y las ventajas de reciclar; y no solo desarrollarlo desde un punto de vista te\u00f3rico sino fundamentalmente desde la pr\u00e1ctica para que el ni\u00f1o y adolescente experimente las virtudes de reciclar.<\/p>\n<p>Fibromialgia y fatiga cr\u00f3nica<\/p>\n<p>Continuando con el Orden del D\u00eda, se otorg\u00f3 el N\u00b0 5.858 a la Ley impulsada por la diputada M\u00f3nica Zalazar por la que promueve la Ley Provincial de Prevenci\u00f3n, Tratamiento, Control y Asistencia de la Fibromialgia y el S\u00edndrome de Fatiga Cr\u00f3nica.<\/p>\n<p>La mencionada Ley que tuvo al senador Jos\u00e9 Alaniz Andrada como miembro informante tiene entre sus objetivos desarrollar campa\u00f1as educativas y de difusi\u00f3n masivas, sobre los principales s\u00edntomas de la enfermedad a los efectos de procurar un diagn\u00f3stico temprano de la misma y su tratamiento adecuado; concientizar a toda la sociedad del conocimiento y asimilaci\u00f3n de la enfermedad en sus distintas etapas; suministrar a la ciudadan\u00eda informaci\u00f3n sobre los avances cient\u00edficos en la materia, promoviendo la realizaci\u00f3n de reuniones, congresos, estudios y jomadas con investigadores de la Fibromialgia y Fatiga Cr\u00f3nica; e impulsar la creaci\u00f3n de centros especializados para su tratamiento que brinden contenci\u00f3n psicol\u00f3gica tanto a los afectados por la enfermedad como a sus familiares; entre otros.<\/p>\n<p>\u201cEs importante resaltar que las dos enfermedades pueden significar un gran deterioro en la vida diaria de las personas que las padecen\u201d expresa entre sus fundamentos el proyecto apuntando a la b\u00fasqueda de que todas las personas que la padecen, logren tener una mejor calidad de vida en todos sus \u00e1mbitos, familiares, laborales y dem\u00e1s.<\/p>\n<p>Adhesi\u00f3n a R\u00e9gimen tarifario para Entidades de Bien P\u00fablico<\/p>\n<p>La C\u00e1mara de Senadores dio sanci\u00f3n definitiva y convirti\u00f3 en Ley N\u00b0 5.859 referido a la adhesi\u00f3n de la Provincia a la Ley Nacional N\u00b0 27.218 \u201cR\u00e9gimen Tarifario Especifico para Entidades de Bien P\u00fablico\u201d.<\/p>\n<p>La normativa presentada por la diputada Paola Fedelli autoriza al Poder Ejecutivo Provincial a coordinar las acciones necesarias para la aplicaci\u00f3n del r\u00e9gimen tarifario espec\u00edfico para entidades de bien p\u00fablico en el \u00e1mbito de la jurisdicci\u00f3n provincial y a suscribir con las autoridades municipales, comisiones de fomento y con los entes reguladores y las empresas prestadoras de los servicios p\u00fablicos, los convenios que fueran pertinentes.<\/p>\n<p>Entre sus art\u00edculos establece que las empresas prestadoras de servicios p\u00fablicos no podr\u00e1n trasladar el costo de la reducci\u00f3n tarifaria que pueda corresponder a los valores de consumo del conjunto de los usuarios.<\/p>\n<p>Eliminaci\u00f3n de la violencia y acoso en el trabajo<\/p>\n<p>Con despacho de Comisi\u00f3n, el Pleno convirti\u00f3 en Ley N\u00b0 5.860 la Adhesi\u00f3n de la Provincia de Catamarca a la Ley Nacional N\u00b0 27.580 de Convenio sobre la Eliminaci\u00f3n de la Violencia y el Acoso en el Mundo del Trabajo.<\/p>\n<p>La iniciativa legislativa presentada por la diputada M\u00f3nica Zalazar establece que la Autoridad de Aplicaci\u00f3n tiene a su cargo la creaci\u00f3n de programas y campa\u00f1as para erradicar la violencia y el acoso laboral.<\/p>\n<p>\u00abAdicionalmente, contiene<br \/>\ndefiniciones amplias de \u201cviolencia y acoso\u00bb como tambi\u00e9n de \u201cviolencia y acoso<br \/>\npor raz\u00f3n de g\u00e9nero\u201d, y ampara a las personas que trabajan en los sectores<br \/>\np\u00fablicos como privados, independientemente de su situaci\u00f3n contractual\u00bb explica entre los fundamentos la Legisladora que fueron expuestos por la senadora Noem\u00ed Casas apuntando adem\u00e1s que tales conductas pueden tener lugar \u201cdurante el trabajo, en relaci\u00f3n con el trabajo o como resultado del mismo\u00bb, e incluye, entre las diversas hip\u00f3tesis, a los viajes, programas de formaci\u00f3n, actividades sociales de \u00edndole profesional<br \/>\ne incluso en las comunicaciones relacionadas con el trabajo, y en los desplazamientos desde y hasta el lugar del trabajo.<\/p>\n<p>Inter\u00e9s Parlamentario<br \/>\nEl Cuerpo tambi\u00e9n dio luz verde a un total de seis declaraciones de inter\u00e9s presentadas por las y los senadores Andrea Lobo, Romina Williams, Antonio Camposano, Jos\u00e9 Pio Carletta y Ram\u00f3n Figueroa Castellanos.<br \/>\n*Inter\u00e9s Parlamentario el \u00ab2\u00b0 Congreso de Ciencia y Tecnolog\u00eda del CODINOA\u00bb.<br \/>\n*Inter\u00e9s Legislativo los festejos conmemorativos del 308 Aniversario de la Fundaci\u00f3n de San Jos\u00e9, Departamento Santa Mar\u00eda, que tendr\u00e1 lugar el 24 de agosto de 2024.<br \/>\n*Inter\u00e9s Cultural, Social y Legislativo el 141\u00b0 Aniversario de la localidad de La Guardia, a celebrarse el 23 de agosto de 2024.<br \/>\n*Inter\u00e9s Legislativo, Educativo y Cultural el festejo de la \u00abSemana de Ambato\u00bb, que se desarrollara desde el 22 al 24 de agosto del corriente a\u00f1o, en la localidad de Los Varela, con motivo de celebrarse el 155\u00b0 Aniversario del Departamento Ambato.<br \/>\n*Inter\u00e9s Legislativo, Social y Educativo, al Aniversario N\u00b0 53 de la Escuela Primaria 11\u00b0 29 que lleva por nombre \u00abAutonom\u00eda de Catamarca\u00bb.<br \/>\n*Inter\u00e9s Parlamentario y Socio-Cultural el Aniversario N\u00b0 55 de la Fundaci\u00f3n de Colonia de Nueva Coneta.<\/p>\n","protected":false},"excerpt":{"rendered":"<p>Este jueves se llev\u00f3 adelante la d\u00e9cima tercera sesi\u00f3n ordinaria de la C\u00e1mara Alta encabezada en la oportunidad por la<\/p>\n","protected":false},"author":1,"featured_media":17669,"comment_status":"closed","ping_status":"closed","sticky":false,"template":"","format":"standard","meta":{"footnotes":"","jetpack_publicize_message":"","jetpack_publicize_feature_enabled":true,"jetpack_social_post_already_shared":true,"jetpack_social_options":{"image_generator_settings":{"template":"highway","enabled":false},"version":2}},"categories":[2],"tags":[],"class_list":["post-17668","post","type-post","status-publish","format-standard","has-post-thumbnail","hentry","category-locales"],"jetpack_publicize_connections":[],"_links":{"self":[{"href":"https:\/\/diariorepublica.com.ar\/web\/index.php\/wp-json\/wp\/v2\/posts\/17668"}],"collection":[{"href":"https:\/\/diariorepublica.com.ar\/web\/index.php\/wp-json\/wp\/v2\/posts"}],"about":[{"href":"https:\/\/diariorepublica.com.ar\/web\/index.php\/wp-json\/wp\/v2\/types\/post"}],"author":[{"embeddable":true,"href":"https:\/\/diariorepublica.com.ar\/web\/index.php\/wp-json\/wp\/v2\/users\/1"}],"replies":[{"embeddable":true,"href":"https:\/\/diariorepublica.com.ar\/web\/index.php\/wp-json\/wp\/v2\/comments?post=17668"}],"version-history":[{"count":1,"href":"https:\/\/diariorepublica.com.ar\/web\/index.php\/wp-json\/wp\/v2\/posts\/17668\/revisions"}],"predecessor-version":[{"id":17670,"href":"https:\/\/diariorepublica.com.ar\/web\/index.php\/wp-json\/wp\/v2\/posts\/17668\/revisions\/17670"}],"wp:featuredmedia":[{"embeddable":true,"href":"https:\/\/diariorepublica.com.ar\/web\/index.php\/wp-json\/wp\/v2\/media\/17669"}],"wp:attachment":[{"href":"https:\/\/diariorepublica.com.ar\/web\/index.php\/wp-json\/wp\/v2\/media?parent=17668"}],"wp:term":[{"taxonomy":"category","embeddable":true,"href":"https:\/\/diariorepublica.com.ar\/web\/index.php\/wp-json\/wp\/v2\/categories?post=17668"},{"taxonomy":"post_tag","embeddable":true,"href":"https:\/\/diariorepublica.com.ar\/web\/index.php\/wp-json\/wp\/v2\/tags?post=17668"}],"curies":[{"name":"wp","href":"https:\/\/api.w.org\/{rel}","templated":true}]}}