{"id":17685,"date":"2024-08-23T00:12:00","date_gmt":"2024-08-23T03:12:00","guid":{"rendered":"https:\/\/diariorepublica.com.ar\/web\/?p=17685"},"modified":"2024-08-23T08:13:38","modified_gmt":"2024-08-23T11:13:38","slug":"boca-se-clasifico-al-mundial-de-clubes-2025","status":"publish","type":"post","link":"https:\/\/diariorepublica.com.ar\/web\/index.php\/deportes\/2024\/08\/23\/boca-se-clasifico-al-mundial-de-clubes-2025\/","title":{"rendered":"Boca se clasific\u00f3 al Mundial de Clubes 2025"},"content":{"rendered":"<article id=\"article-post\" class=\"first\">\n<div class=\"cuerpo\" data-twitter-link=\"https:\/\/twitter.com\/intent\/tweet?url=https:\/\/www.diariopopular.com.ar\/c802229&amp;via=poopulardiario&amp;related=Popular&amp;text=\">\n<p><strong>Media hora antes de enfrentar a Cruzeiro en Belo Horizonte por un lugar en los cuartos de final de la Copa Sudamericana, Boca Juniors recibi\u00f3 un gran noticia: como San Pablo elimin\u00f3 a Nacional de Montevideo, el\u00a0<em>Xeneize<\/em>\u00a0clasific\u00f3 al Mundial de Clubes 2025 ya que nadie podr\u00e1 alcanzarlo en el ranking de Conmebol.<\/strong><\/p>\n<\/div>\n<\/article>\n<article id=\"article-post\">\n<div class=\"cuerpo\" data-twitter-link=\"https:\/\/twitter.com\/intent\/tweet?url=https:\/\/www.diariopopular.com.ar\/c802229&amp;via=poopulardiario&amp;related=Popular&amp;text=\">\n<div id=\"embed39_wrap\" class=\"embed_cont type_freetext\" contenteditable=\"false\">\n<div id=\"embed39_content\" class=\"embed_content\">\n<div id=\"embed39_embed\">\n<div class=\"twitter-tweet twitter-tweet-rendered\"><iframe id=\"twitter-widget-0\" class=\"\" title=\"X Post\" src=\"https:\/\/platform.twitter.com\/embed\/Tweet.html?creatorScreenName=diariopopular&amp;dnt=false&amp;embedId=twitter-widget-0&amp;features=eyJ0ZndfdGltZWxpbmVfbGlzdCI6eyJidWNrZXQiOltdLCJ2ZXJzaW9uIjpudWxsfSwidGZ3X2ZvbGxvd2VyX2NvdW50X3N1bnNldCI6eyJidWNrZXQiOnRydWUsInZlcnNpb24iOm51bGx9LCJ0ZndfdHdlZXRfZWRpdF9iYWNrZW5kIjp7ImJ1Y2tldCI6Im9uIiwidmVyc2lvbiI6bnVsbH0sInRmd19yZWZzcmNfc2Vzc2lvbiI6eyJidWNrZXQiOiJvbiIsInZlcnNpb24iOm51bGx9LCJ0ZndfZm9zbnJfc29mdF9pbnRlcnZlbnRpb25zX2VuYWJsZWQiOnsiYnVja2V0Ijoib24iLCJ2ZXJzaW9uIjpudWxsfSwidGZ3X21peGVkX21lZGlhXzE1ODk3Ijp7ImJ1Y2tldCI6InRyZWF0bWVudCIsInZlcnNpb24iOm51bGx9LCJ0ZndfZXhwZXJpbWVudHNfY29va2llX2V4cGlyYXRpb24iOnsiYnVja2V0IjoxMjA5NjAwLCJ2ZXJzaW9uIjpudWxsfSwidGZ3X3Nob3dfYmlyZHdhdGNoX3Bpdm90c19lbmFibGVkIjp7ImJ1Y2tldCI6Im9uIiwidmVyc2lvbiI6bnVsbH0sInRmd19kdXBsaWNhdGVfc2NyaWJlc190b19zZXR0aW5ncyI6eyJidWNrZXQiOiJvbiIsInZlcnNpb24iOm51bGx9LCJ0ZndfdXNlX3Byb2ZpbGVfaW1hZ2Vfc2hhcGVfZW5hYmxlZCI6eyJidWNrZXQiOiJvbiIsInZlcnNpb24iOm51bGx9LCJ0ZndfdmlkZW9faGxzX2R5bmFtaWNfbWFuaWZlc3RzXzE1MDgyIjp7ImJ1Y2tldCI6InRydWVfYml0cmF0ZSIsInZlcnNpb24iOm51bGx9LCJ0ZndfbGVnYWN5X3RpbWVsaW5lX3N1bnNldCI6eyJidWNrZXQiOnRydWUsInZlcnNpb24iOm51bGx9LCJ0ZndfdHdlZXRfZWRpdF9mcm9udGVuZCI6eyJidWNrZXQiOiJvbiIsInZlcnNpb24iOm51bGx9fQ%3D%3D&amp;frame=false&amp;hideCard=false&amp;hideThread=false&amp;id=1826773408199184892&amp;lang=en&amp;origin=https%3A%2F%2Fwww.diariopopular.com.ar%2Ffutbol%2Fun-consuelo-se-clasifico-al-mundial-clubes-2025-n802229&amp;sessionId=f99ffa213a6b952159b14a83c071d467d6d7031a&amp;siteScreenName=diariopopular&amp;theme=light&amp;widgetsVersion=2615f7e52b7e0%3A1702314776716&amp;width=550px\" frameborder=\"0\" scrolling=\"no\" allowfullscreen=\"allowfullscreen\" data-tweet-id=\"1826773408199184892\" data-gtm-yt-inspected-6=\"true\" data-mce-fragment=\"1\"><\/iframe><\/div>\n<\/div>\n<\/div>\n<div id=\"embed39_epigrafe\" class=\"embed_epigrafe\"><\/div>\n<div id=\"embed39_copyright\" class=\"embed_copyright\"><\/div>\n<\/div>\n<p>Es una gran noticia para el club presidido por Juan Rom\u00e1n Riquelme y no solo porque podr\u00e1 ser parte de la primera edici\u00f3n del certamen bajo la nueva modalidad, que incluir\u00e1 a 32 equipos. Es que la recompensa econmomica por participar es muy importante y le vendr\u00e1 de maravillas a las arcas del conjunto auriazul.<\/p>\n<p>Por el momento est\u00e1n clasificados los siguientes equipos:<\/p>\n<p><strong>Conmebol<\/strong>: Palmeiras, Flamengo, Fluminense, River y Boca.<\/p>\n<p class=\"\"><strong>UEFA:\u00a0<\/strong>Chelsea, Real Madrid, Manchester City, Bayern M\u00fanich, Paris Saint-Germain, Inter, Porto, Benfica, Borussia Dortmund, Juventus, Atl\u00e9tico de Madrid y Red Bull Salzburgo.<\/p>\n<p class=\"\"><strong>CONCACAF:\u00a0<\/strong>Rayados de Monterrey, Seattle Sounders, Le\u00f3n y Pachuca.<\/p>\n<p class=\"\"><strong>\u00c1frica:\u00a0<\/strong>Al Ahly (Egipto), Wydad (Marruecos), Mamelodi Sundowns (Sud\u00e1frica) y Esperance (T\u00fanez).<\/p>\n<p class=\"\"><strong>Asia:\u00a0<\/strong>Al Hilal (Arabia Saudita), Urawa Red Diamonds (Jap\u00f3n), Al Ain (Emiratos \u00c1rabes Unidos) y Ulsan Hyundai (Corea del Sur).<\/p>\n<p><strong>Ocean\u00eda:\u00a0<\/strong>Auckland City<\/p>\n<p class=\"\">Todav\u00eda faltan definir dos clasificados:\u00a0<strong>uno de CONMEBOL<\/strong>\u00a0(el campe\u00f3n de la edici\u00f3n 2024 de la Copa Libertadores) y\u00a0<strong>un equipo de Estados Unidos<\/strong>\u00a0por ser el anfitri\u00f3n del torneo.<\/p>\n<\/div>\n<\/article>\n","protected":false},"excerpt":{"rendered":"<p>Media hora antes de enfrentar a Cruzeiro en Belo Horizonte por un lugar en los cuartos de final de la<\/p>\n","protected":false},"author":1,"featured_media":17686,"comment_status":"closed","ping_status":"closed","sticky":false,"template":"","format":"standard","meta":{"footnotes":"","jetpack_publicize_message":"","jetpack_publicize_feature_enabled":true,"jetpack_social_post_already_shared":true,"jetpack_social_options":{"image_generator_settings":{"template":"highway","enabled":false},"version":2}},"categories":[9],"tags":[],"class_list":["post-17685","post","type-post","status-publish","format-standard","has-post-thumbnail","hentry","category-deportes"],"jetpack_publicize_connections":[],"_links":{"self":[{"href":"https:\/\/diariorepublica.com.ar\/web\/index.php\/wp-json\/wp\/v2\/posts\/17685"}],"collection":[{"href":"https:\/\/diariorepublica.com.ar\/web\/index.php\/wp-json\/wp\/v2\/posts"}],"about":[{"href":"https:\/\/diariorepublica.com.ar\/web\/index.php\/wp-json\/wp\/v2\/types\/post"}],"author":[{"embeddable":true,"href":"https:\/\/diariorepublica.com.ar\/web\/index.php\/wp-json\/wp\/v2\/users\/1"}],"replies":[{"embeddable":true,"href":"https:\/\/diariorepublica.com.ar\/web\/index.php\/wp-json\/wp\/v2\/comments?post=17685"}],"version-history":[{"count":1,"href":"https:\/\/diariorepublica.com.ar\/web\/index.php\/wp-json\/wp\/v2\/posts\/17685\/revisions"}],"predecessor-version":[{"id":17687,"href":"https:\/\/diariorepublica.com.ar\/web\/index.php\/wp-json\/wp\/v2\/posts\/17685\/revisions\/17687"}],"wp:featuredmedia":[{"embeddable":true,"href":"https:\/\/diariorepublica.com.ar\/web\/index.php\/wp-json\/wp\/v2\/media\/17686"}],"wp:attachment":[{"href":"https:\/\/diariorepublica.com.ar\/web\/index.php\/wp-json\/wp\/v2\/media?parent=17685"}],"wp:term":[{"taxonomy":"category","embeddable":true,"href":"https:\/\/diariorepublica.com.ar\/web\/index.php\/wp-json\/wp\/v2\/categories?post=17685"},{"taxonomy":"post_tag","embeddable":true,"href":"https:\/\/diariorepublica.com.ar\/web\/index.php\/wp-json\/wp\/v2\/tags?post=17685"}],"curies":[{"name":"wp","href":"https:\/\/api.w.org\/{rel}","templated":true}]}}