{"id":17724,"date":"2024-08-23T10:48:36","date_gmt":"2024-08-23T13:48:36","guid":{"rendered":"https:\/\/diariorepublica.com.ar\/web\/?p=17724"},"modified":"2024-08-23T10:48:38","modified_gmt":"2024-08-23T13:48:38","slug":"el-ejecutivo-agudiza-los-controles-en-la-funcion-publica","status":"publish","type":"post","link":"https:\/\/diariorepublica.com.ar\/web\/index.php\/sociedad\/2024\/08\/23\/el-ejecutivo-agudiza-los-controles-en-la-funcion-publica\/","title":{"rendered":"El Ejecutivo agudiza los controles en la funci\u00f3n p\u00fablica"},"content":{"rendered":"<p>El Poder Ejecutivo Provincial informa que ha iniciado una etapa intensiva de procesos de control y sanci\u00f3n dirigidos a los trabajadores y funcionarios p\u00fablicos que no cumplan con sus funciones de manera adecuada. Este esfuerzo tiene como objetivo garantizar el correcto funcionamiento de la administraci\u00f3n p\u00fablica y el cumplimiento de las responsabilidades que cada cargo conlleva.<\/p>\n<p>En una reuni\u00f3n donde participaron representantes del Ministerio de Gobierno, Justicia y Derechos Humanos, Ministerio de Trabajo, Planificaci\u00f3n y Recursos Humanos, Ministerio de Educaci\u00f3n, Fiscal\u00eda de Estado y Asesor\u00eda General de Gobierno, se discuti\u00f3 sobre la intensificaci\u00f3n de los controles y agilizar los procesos de sumario administrativo para asegurar que los casos de incumplimiento sean tratados con la celeridad y rigurosidad que ameritan.<\/p>\n<p>En este marco, desde Fiscal\u00eda de Estado afirmaron que en lo que va del 2024 ingresaron 26 expedientes por irregularidades en distintas \u00e1reas p\u00fablicas y de los cuales varios ya han tenido su resoluci\u00f3n a trav\u00e9s de cesant\u00eda, apercibimiento, suspensiones y exoneraci\u00f3n. Por otra parte,\u00a0Educaci\u00f3n se exoneraron a dos docentes por irregularidades y, adem\u00e1s, hay 9 expedientes m\u00e1s en procesos similares.<\/p>\n<p>El Poder Ejecutivo seguir\u00e1 monitoreando de cerca la situaci\u00f3n y tomando las acciones necesarias para mantener la integridad y el desempe\u00f1o adecuado de todos los organismos estatales.<\/p>\n<p>El Gobierno subraya su compromiso con la transparencia y la eficiencia en la gesti\u00f3n p\u00fablica, asegurando que aquellos que no cumplan con sus deberes ser\u00e1n objeto de las sanciones correspondientes conforme a la normativa vigente. Esta medida se enmarca dentro de una pol\u00edtica integral de fortalecimiento de la administraci\u00f3n p\u00fablica, orientada a garantizar un servicio de calidad para todos los ciudadanos.<\/p>\n","protected":false},"excerpt":{"rendered":"<p>El Poder Ejecutivo Provincial informa que ha iniciado una etapa intensiva de procesos de control y sanci\u00f3n dirigidos a los<\/p>\n","protected":false},"author":1,"featured_media":17725,"comment_status":"closed","ping_status":"closed","sticky":false,"template":"","format":"standard","meta":{"footnotes":"","jetpack_publicize_message":"","jetpack_publicize_feature_enabled":true,"jetpack_social_post_already_shared":true,"jetpack_social_options":{"image_generator_settings":{"template":"highway","enabled":false},"version":2}},"categories":[3],"tags":[],"class_list":["post-17724","post","type-post","status-publish","format-standard","has-post-thumbnail","hentry","category-sociedad"],"jetpack_publicize_connections":[],"_links":{"self":[{"href":"https:\/\/diariorepublica.com.ar\/web\/index.php\/wp-json\/wp\/v2\/posts\/17724"}],"collection":[{"href":"https:\/\/diariorepublica.com.ar\/web\/index.php\/wp-json\/wp\/v2\/posts"}],"about":[{"href":"https:\/\/diariorepublica.com.ar\/web\/index.php\/wp-json\/wp\/v2\/types\/post"}],"author":[{"embeddable":true,"href":"https:\/\/diariorepublica.com.ar\/web\/index.php\/wp-json\/wp\/v2\/users\/1"}],"replies":[{"embeddable":true,"href":"https:\/\/diariorepublica.com.ar\/web\/index.php\/wp-json\/wp\/v2\/comments?post=17724"}],"version-history":[{"count":1,"href":"https:\/\/diariorepublica.com.ar\/web\/index.php\/wp-json\/wp\/v2\/posts\/17724\/revisions"}],"predecessor-version":[{"id":17726,"href":"https:\/\/diariorepublica.com.ar\/web\/index.php\/wp-json\/wp\/v2\/posts\/17724\/revisions\/17726"}],"wp:featuredmedia":[{"embeddable":true,"href":"https:\/\/diariorepublica.com.ar\/web\/index.php\/wp-json\/wp\/v2\/media\/17725"}],"wp:attachment":[{"href":"https:\/\/diariorepublica.com.ar\/web\/index.php\/wp-json\/wp\/v2\/media?parent=17724"}],"wp:term":[{"taxonomy":"category","embeddable":true,"href":"https:\/\/diariorepublica.com.ar\/web\/index.php\/wp-json\/wp\/v2\/categories?post=17724"},{"taxonomy":"post_tag","embeddable":true,"href":"https:\/\/diariorepublica.com.ar\/web\/index.php\/wp-json\/wp\/v2\/tags?post=17724"}],"curies":[{"name":"wp","href":"https:\/\/api.w.org\/{rel}","templated":true}]}}