{"id":17730,"date":"2024-08-23T12:58:00","date_gmt":"2024-08-23T15:58:00","guid":{"rendered":"https:\/\/diariorepublica.com.ar\/web\/?p=17730"},"modified":"2024-08-23T11:01:28","modified_gmt":"2024-08-23T14:01:28","slug":"el-gobierno-confirmo-de-cuanto-seras-las-jubilaciones-y-asignaciones-de-anses-en-septiembre","status":"publish","type":"post","link":"https:\/\/diariorepublica.com.ar\/web\/index.php\/economia\/2024\/08\/23\/el-gobierno-confirmo-de-cuanto-seras-las-jubilaciones-y-asignaciones-de-anses-en-septiembre\/","title":{"rendered":"El Gobierno confirm\u00f3 de cu\u00e1nto ser\u00e1s las jubilaciones y asignaciones de ANSES en septiembre"},"content":{"rendered":"<p>El Gobierno oficializ\u00f3 este viernes el aumento de las jubilaciones y las asignaciones familiares para el mes de septiembre, seg\u00fan lo anticipado por la Administraci\u00f3n Nacional de la Seguridad Social (Anses). El reajuste, que corresponde al 4,03%, se public\u00f3 hoy en el Bolet\u00edn Oficial a trav\u00e9s de dos decretos, siguiendo la variaci\u00f3n de la inflaci\u00f3n del \u00faltimo mes, tal como lo inform\u00f3 el Indec.<\/p>\n<p>Con la actualizaci\u00f3n, formalizada en las resoluciones 587\/2024 y 588\/2024, se busca compensar la p\u00e9rdida de poder adquisitivo de los jubilados y beneficiarios de asignaciones. Este ajuste es parte de un mecanismo de actualizaci\u00f3n mensual que reemplaza el sistema trimestral de movilidad que estaba vigente hasta 2021, y que ya tuvo seis reajustes a lo largo del a\u00f1o, a medida que la inflaci\u00f3n contin\u00faa impactando el costo de vida en Argentina.<\/p>\n<p>El nuevo aumento eleva el\u00a0<strong>haber m\u00ednimo<\/strong>\u00a0de $225.454 a aproximadamente<strong>\u00a0$234.540<\/strong>, mientras que el\u00a0<strong>haber m\u00e1ximo\u00a0<\/strong>subir\u00e1 de $1.517.094 a\u00a0<strong>$1.578.233<\/strong>, seg\u00fan lo detallado en las resoluciones publicadas. Sin embargo, estas cifras son en bruto, y tras el descuento correspondiente al\u00a0<strong>PAMI<\/strong>, los jubilados recibir\u00e1n en mano\u00a0<strong>$227.504\u00a0<\/strong>para el haber m\u00ednimo y\u00a0<strong>$1.490.576<\/strong>\u00a0para el haber m\u00e1ximo.<\/p>\n<p>En cuanto a la\u00a0<strong>Asignaci\u00f3n Universal por Hijo (AUH)<\/strong>, el monto total se ajustar\u00e1 a\u00a0<strong>$84.275<\/strong>, aunque el\u00a0<strong>importe efectivo<\/strong>\u00a0a cobrar en septiembre ser\u00e1 de<strong>\u00a0$67.420<\/strong>, frente a los $64.808 que se est\u00e1n pagando actualmente.<\/p>\n<p>Por otro lado, la\u00a0<strong>Prestaci\u00f3n B\u00e1sica Universal (PBU)<\/strong>\u00a0pasar\u00e1 a ser de $107.291, mientras que la\u00a0<strong>Pensi\u00f3n Universal para el Adulto Mayor (PUAM)<\/strong>\u00a0subir\u00e1 a<strong>\u00a0$187.632<\/strong>, reflejando tambi\u00e9n el reajuste por inflaci\u00f3n. Estos aumentos buscan paliar los efectos de la crisis econ\u00f3mica, pero son insuficientes para neutralizar por completo el impacto de la alta inflaci\u00f3n.<\/p>\n<h6>Calendario de pago para jubilados y pensionados en septiembre 2024<\/h6>\n<ul>\n<li data-mrf-recirculation=\"[Article] Article Paragraph\">Documentos terminados en 0, a partir del d\u00eda 9 de septiembre 2024.<\/li>\n<li data-mrf-recirculation=\"[Article] Article Paragraph\">Documentos terminados en 1, a partir del d\u00eda 10 de septiembre 2024.<\/li>\n<li data-mrf-recirculation=\"[Article] Article Paragraph\">Documentos terminados en 2, a partir del d\u00eda 11 de septiembre 2024.<\/li>\n<li data-mrf-recirculation=\"[Article] Article Paragraph\">Documentos terminados en 3, a partir del d\u00eda 12 de septiembre 2024.<\/li>\n<li data-mrf-recirculation=\"[Article] Article Paragraph\">Documentos terminados en 4, a partir del d\u00eda 13 de septiembre 2024.<\/li>\n<li data-mrf-recirculation=\"[Article] Article Paragraph\">Documentos terminados en 5, a partir del d\u00eda 16 de septiembre 2024.<\/li>\n<li data-mrf-recirculation=\"[Article] Article Paragraph\">Documentos terminados en 6, a partir del d\u00eda 17 de septiembre 2024.<\/li>\n<li data-mrf-recirculation=\"[Article] Article Paragraph\">Documentos terminados en 7, a partir del d\u00eda 18 de septiembre 2024.<\/li>\n<li data-mrf-recirculation=\"[Article] Article Paragraph\">Documentos terminados en 8, a partir del d\u00eda 19 de septiembre 2024.<\/li>\n<li data-mrf-recirculation=\"[Article] Article Paragraph\">Documentos terminados en 9, a partir del d\u00eda 20 de septiembre 2024.<\/li>\n<\/ul>\n<h6>Calendario de pagos para Jubilados y pensionados que superan la m\u00ednima en septiembre 2024<\/h6>\n<ul>\n<li data-mrf-recirculation=\"[Article] Article Paragraph\">Documentos terminados en 0 y 1, a partir del d\u00eda 23 de septiembre 2024.<\/li>\n<li data-mrf-recirculation=\"[Article] Article Paragraph\">Documentos terminados en 2 y 3, a partir del d\u00eda 24 de septiembre 2024.<\/li>\n<li data-mrf-recirculation=\"[Article] Article Paragraph\">Documentos terminados en 4 y 5, a partir del d\u00eda 25 de septiembre 2024.<\/li>\n<li data-mrf-recirculation=\"[Article] Article Paragraph\">Documentos terminados en 6 y 7, a partir del d\u00eda 26 de septiembre 2024.<\/li>\n<li data-mrf-recirculation=\"[Article] Article Paragraph\">Documentos terminados en 8 y 9, a partir del d\u00eda 27 de septiembre 2024.<\/li>\n<\/ul>\n","protected":false},"excerpt":{"rendered":"<p>El Gobierno oficializ\u00f3 este viernes el aumento de las jubilaciones y las asignaciones familiares para el mes de septiembre, seg\u00fan<\/p>\n","protected":false},"author":1,"featured_media":17731,"comment_status":"closed","ping_status":"closed","sticky":false,"template":"","format":"standard","meta":{"footnotes":"","jetpack_publicize_message":"","jetpack_publicize_feature_enabled":true,"jetpack_social_post_already_shared":true,"jetpack_social_options":{"image_generator_settings":{"template":"highway","enabled":false},"version":2}},"categories":[5],"tags":[],"class_list":["post-17730","post","type-post","status-publish","format-standard","has-post-thumbnail","hentry","category-economia"],"jetpack_publicize_connections":[],"_links":{"self":[{"href":"https:\/\/diariorepublica.com.ar\/web\/index.php\/wp-json\/wp\/v2\/posts\/17730"}],"collection":[{"href":"https:\/\/diariorepublica.com.ar\/web\/index.php\/wp-json\/wp\/v2\/posts"}],"about":[{"href":"https:\/\/diariorepublica.com.ar\/web\/index.php\/wp-json\/wp\/v2\/types\/post"}],"author":[{"embeddable":true,"href":"https:\/\/diariorepublica.com.ar\/web\/index.php\/wp-json\/wp\/v2\/users\/1"}],"replies":[{"embeddable":true,"href":"https:\/\/diariorepublica.com.ar\/web\/index.php\/wp-json\/wp\/v2\/comments?post=17730"}],"version-history":[{"count":1,"href":"https:\/\/diariorepublica.com.ar\/web\/index.php\/wp-json\/wp\/v2\/posts\/17730\/revisions"}],"predecessor-version":[{"id":17732,"href":"https:\/\/diariorepublica.com.ar\/web\/index.php\/wp-json\/wp\/v2\/posts\/17730\/revisions\/17732"}],"wp:featuredmedia":[{"embeddable":true,"href":"https:\/\/diariorepublica.com.ar\/web\/index.php\/wp-json\/wp\/v2\/media\/17731"}],"wp:attachment":[{"href":"https:\/\/diariorepublica.com.ar\/web\/index.php\/wp-json\/wp\/v2\/media?parent=17730"}],"wp:term":[{"taxonomy":"category","embeddable":true,"href":"https:\/\/diariorepublica.com.ar\/web\/index.php\/wp-json\/wp\/v2\/categories?post=17730"},{"taxonomy":"post_tag","embeddable":true,"href":"https:\/\/diariorepublica.com.ar\/web\/index.php\/wp-json\/wp\/v2\/tags?post=17730"}],"curies":[{"name":"wp","href":"https:\/\/api.w.org\/{rel}","templated":true}]}}