{"id":17733,"date":"2024-08-23T11:25:50","date_gmt":"2024-08-23T14:25:50","guid":{"rendered":"https:\/\/diariorepublica.com.ar\/web\/?p=17733"},"modified":"2024-08-23T11:25:52","modified_gmt":"2024-08-23T14:25:52","slug":"el-intendente-recibio-al-empresario-gustavo-grobocopatel-en-el-nodo-tecnologico","status":"publish","type":"post","link":"https:\/\/diariorepublica.com.ar\/web\/index.php\/sociedad\/2024\/08\/23\/el-intendente-recibio-al-empresario-gustavo-grobocopatel-en-el-nodo-tecnologico\/","title":{"rendered":"El intendente recibi\u00f3 al empresario Gustavo Grobocopatel en el Nodo Tecnol\u00f3gico"},"content":{"rendered":"<p>En un importante encuentro que subraya el compromiso de la provincia, a trav\u00e9s de su Capital con la innovaci\u00f3n y el desarrollo tecnol\u00f3gico, el gobernador Ra\u00fal Jalil y el intendente Gustavo Saadi recibieron en las instalaciones del Nodo Tecnol\u00f3gico al destacado empresario Gustavo Grobocopatel, propietario de la reconocida empresa Grobocopatel Hnos. S.A. Grupo Los Grobo, l\u00edder en el sector agr\u00edcola del pa\u00eds.<\/p>\n<p>Este encuentro, que tuvo lugar en un ambiente propicio para el di\u00e1logo y la colaboraci\u00f3n, cont\u00f3 tambi\u00e9n con la presencia del vicegobernador Rub\u00e9n Dusso, el secretario de Gabinete y Modernizaci\u00f3n, Mariano Rosales, el secretario de Gobierno de la municipalidad, Fernando Monguillot, as\u00ed como otras autoridades locales. La visita del empresario resalta la importancia de las sinergias entre el sector p\u00fablico y privado en el impulso de proyectos que fomenten la tecnolog\u00eda y la innovaci\u00f3n en diversas \u00e1reas.<\/p>\n<p>Durante el recorrido por las instalaciones del Nodo Tecnol\u00f3gico, el intendente Saadi tuvo la oportunidad de mostrar a Grobocopatel los avances realizados en materia de rob\u00f3tica y programaci\u00f3n. El intendente explic\u00f3 detalladamente las iniciativas que se est\u00e1n llevando a cabo en este espacio, que se ha convertido en un referente en cuanto a econom\u00eda del conocimiento y ecosistema emprendedor.<\/p>\n<p>Saadi destac\u00f3, c\u00f3mo estas innovaciones no solo benefician al sector agr\u00edcola, sino que tambi\u00e9n abren nuevas oportunidades para j\u00f3venes emprendedores y profesionales en busca de desarrollarse en campos tecnol\u00f3gicos. El nodo tecnol\u00f3gico se presenta como un punto neur\u00e1lgico donde convergen ideas, proyectos y talentos dispuestos a transformar la realidad econ\u00f3mica y social de la regi\u00f3n.<\/p>\n<p>Fernando Monguillot, secretario de Gobierno, coment\u00f3: \u201ces una de las empresas m\u00e1s grandes respecto al agro que tiene el pa\u00eds, en esta reuni\u00f3n hablamos de lo que venimos trabajando en el Nodo con respecto a la rob\u00f3tica, a la programaci\u00f3n, as\u00ed tambi\u00e9n como estamos desarrollando ese ecosistema en cuanto a la econom\u00eda del conocimiento y el ecosistema emprendedor\u201d.<\/p>\n<p>El encuentro entre estos l\u00edderes subraya la importancia de fomentar una cultura de colaboraci\u00f3n entre los distintos sectores para impulsar un desarrollo sostenible y competitivo.<\/p>\n<p><strong>Grobocopatel Hnos S.A<\/strong><\/p>\n<p>Con base en Carlos Casares, Grobocopatel Hnos. Se fund\u00f3 como una empresa familiar en 1967 a partir de la sociedad de 3 hermanos. En sus inicios, la empresa se dedic\u00f3 a la producci\u00f3n y comercializaci\u00f3n de fardos de pasto y forrajes.<\/p>\n<p>A partir de 1984 bajo la direcci\u00f3n de Jorge Grobocopatel, la compa\u00f1\u00eda logr\u00f3 convertirse en lo que es hoy: una empresa l\u00edder en la comercializaci\u00f3n y en el acopio de cereales y oleaginosas que comenz\u00f3 con una celda de 5.000 toneladas y hoy cuenta con m\u00e1s de 180.000 toneladas de capacidad est\u00e1tica.<\/p>\n<p>Con plantas de silos ubicadas en diferentes puntos estrat\u00e9gicos de la provincia de Buenos Aires, le permite una eficiente log\u00edstica para operar en los puertos de Rosario, Bah\u00eda Blanca y Necochea.<\/p>\n","protected":false},"excerpt":{"rendered":"<p>En un importante encuentro que subraya el compromiso de la provincia, a trav\u00e9s de su Capital con la innovaci\u00f3n y<\/p>\n","protected":false},"author":1,"featured_media":17734,"comment_status":"closed","ping_status":"closed","sticky":false,"template":"","format":"standard","meta":{"footnotes":"","jetpack_publicize_message":"","jetpack_publicize_feature_enabled":true,"jetpack_social_post_already_shared":true,"jetpack_social_options":{"image_generator_settings":{"template":"highway","enabled":false},"version":2}},"categories":[3],"tags":[],"class_list":["post-17733","post","type-post","status-publish","format-standard","has-post-thumbnail","hentry","category-sociedad"],"jetpack_publicize_connections":[],"_links":{"self":[{"href":"https:\/\/diariorepublica.com.ar\/web\/index.php\/wp-json\/wp\/v2\/posts\/17733"}],"collection":[{"href":"https:\/\/diariorepublica.com.ar\/web\/index.php\/wp-json\/wp\/v2\/posts"}],"about":[{"href":"https:\/\/diariorepublica.com.ar\/web\/index.php\/wp-json\/wp\/v2\/types\/post"}],"author":[{"embeddable":true,"href":"https:\/\/diariorepublica.com.ar\/web\/index.php\/wp-json\/wp\/v2\/users\/1"}],"replies":[{"embeddable":true,"href":"https:\/\/diariorepublica.com.ar\/web\/index.php\/wp-json\/wp\/v2\/comments?post=17733"}],"version-history":[{"count":1,"href":"https:\/\/diariorepublica.com.ar\/web\/index.php\/wp-json\/wp\/v2\/posts\/17733\/revisions"}],"predecessor-version":[{"id":17735,"href":"https:\/\/diariorepublica.com.ar\/web\/index.php\/wp-json\/wp\/v2\/posts\/17733\/revisions\/17735"}],"wp:featuredmedia":[{"embeddable":true,"href":"https:\/\/diariorepublica.com.ar\/web\/index.php\/wp-json\/wp\/v2\/media\/17734"}],"wp:attachment":[{"href":"https:\/\/diariorepublica.com.ar\/web\/index.php\/wp-json\/wp\/v2\/media?parent=17733"}],"wp:term":[{"taxonomy":"category","embeddable":true,"href":"https:\/\/diariorepublica.com.ar\/web\/index.php\/wp-json\/wp\/v2\/categories?post=17733"},{"taxonomy":"post_tag","embeddable":true,"href":"https:\/\/diariorepublica.com.ar\/web\/index.php\/wp-json\/wp\/v2\/tags?post=17733"}],"curies":[{"name":"wp","href":"https:\/\/api.w.org\/{rel}","templated":true}]}}