{"id":17739,"date":"2024-08-23T14:10:00","date_gmt":"2024-08-23T17:10:00","guid":{"rendered":"https:\/\/diariorepublica.com.ar\/web\/?p=17739"},"modified":"2024-08-23T12:12:43","modified_gmt":"2024-08-23T15:12:43","slug":"trabajan-en-la-unificacion-de-los-fideicomisos-mineros-y-de-un-codigo-tributario-municipal","status":"publish","type":"post","link":"https:\/\/diariorepublica.com.ar\/web\/index.php\/sociedad\/2024\/08\/23\/trabajan-en-la-unificacion-de-los-fideicomisos-mineros-y-de-un-codigo-tributario-municipal\/","title":{"rendered":"Trabajan en la unificaci\u00f3n de los fideicomisos mineros y de un c\u00f3digo tributario municipal"},"content":{"rendered":"<p>El gobernador Ra\u00fal Jalil mantuvo una reuni\u00f3n con representantes de la C\u00e1mara de Proveedores Mineros de Catamarca y la C\u00e1mara Minera y de la Industria Minera, en la que se abordaron diversos temas relacionados con la actualidad del sector minero en la provincia. Entre los puntos principales de la agenda se destacaron la posibilidad de establecer un c\u00f3digo tributario municipal unificado y la unificaci\u00f3n de los fideicomisos.<\/p>\n<p>En la reuni\u00f3n, los representantes de las c\u00e1maras manifestaron una serie de sugerencias para la elaboraci\u00f3n de ordenanzas y c\u00f3digos tributarios a nivel municipal. En este sentido, remarcaron la importancia de acompa\u00f1ar el desarrollo sostenible de la actividad econ\u00f3mica en cada jurisdicci\u00f3n y la posibilidad de que cada municipio tenga su propia recaudaci\u00f3n de la actividad minera.<\/p>\n<p>Por otro lado, desde el Ejecutivo se explic\u00f3 que se est\u00e1 trabajando en la unificaci\u00f3n de los fideicomisos del Salar del Hombre Muerto y de Regal\u00edas Mineras. El objetivo de esta medida es centralizar los aportes en un solo fideicomiso, que ser\u00e1 administrado por el Gobierno provincial. Adem\u00e1s, se busca establecer que el destino de los aportes financieros en materia de Responsabilidad Social Empresarial de Arcadium Lithium sean consensuados con la Municipalidad de Antofagasta de la Sierra y de esta manera instituir una gesti\u00f3n m\u00e1s eficiente de los recursos generados por la actividad minera.<\/p>\n<p>Este trabajo y di\u00e1logo conjunto entre los distintos actores del sector minero tiene como objetivo el desarrollo de la actividad para asegurar una actividad econ\u00f3mica\/tributaria sostenible y beneficiosa para la provincia y sus comunidades.<\/p>\n<p>Participaron del encuentro de trabajo el vicegobernador Rub\u00e9n Dusso; el ministro de Gobierno, Justicia y Derechos Humanos, Fernando \u00c1vila; el ministro de Miner\u00eda, Marcelo Mur\u00faa; la ministra de Econom\u00eda, Alejandra Nazareno; el asesor general de Gobierno, Nicol\u00e1s Rosales Matienzo, entre otras autoridades.<\/p>\n","protected":false},"excerpt":{"rendered":"<p>El gobernador Ra\u00fal Jalil mantuvo una reuni\u00f3n con representantes de la C\u00e1mara de Proveedores Mineros de Catamarca y la C\u00e1mara<\/p>\n","protected":false},"author":1,"featured_media":17740,"comment_status":"closed","ping_status":"closed","sticky":false,"template":"","format":"standard","meta":{"footnotes":"","jetpack_publicize_message":"","jetpack_publicize_feature_enabled":true,"jetpack_social_post_already_shared":true,"jetpack_social_options":{"image_generator_settings":{"template":"highway","enabled":false},"version":2}},"categories":[3],"tags":[],"class_list":["post-17739","post","type-post","status-publish","format-standard","has-post-thumbnail","hentry","category-sociedad"],"jetpack_publicize_connections":[],"_links":{"self":[{"href":"https:\/\/diariorepublica.com.ar\/web\/index.php\/wp-json\/wp\/v2\/posts\/17739"}],"collection":[{"href":"https:\/\/diariorepublica.com.ar\/web\/index.php\/wp-json\/wp\/v2\/posts"}],"about":[{"href":"https:\/\/diariorepublica.com.ar\/web\/index.php\/wp-json\/wp\/v2\/types\/post"}],"author":[{"embeddable":true,"href":"https:\/\/diariorepublica.com.ar\/web\/index.php\/wp-json\/wp\/v2\/users\/1"}],"replies":[{"embeddable":true,"href":"https:\/\/diariorepublica.com.ar\/web\/index.php\/wp-json\/wp\/v2\/comments?post=17739"}],"version-history":[{"count":1,"href":"https:\/\/diariorepublica.com.ar\/web\/index.php\/wp-json\/wp\/v2\/posts\/17739\/revisions"}],"predecessor-version":[{"id":17741,"href":"https:\/\/diariorepublica.com.ar\/web\/index.php\/wp-json\/wp\/v2\/posts\/17739\/revisions\/17741"}],"wp:featuredmedia":[{"embeddable":true,"href":"https:\/\/diariorepublica.com.ar\/web\/index.php\/wp-json\/wp\/v2\/media\/17740"}],"wp:attachment":[{"href":"https:\/\/diariorepublica.com.ar\/web\/index.php\/wp-json\/wp\/v2\/media?parent=17739"}],"wp:term":[{"taxonomy":"category","embeddable":true,"href":"https:\/\/diariorepublica.com.ar\/web\/index.php\/wp-json\/wp\/v2\/categories?post=17739"},{"taxonomy":"post_tag","embeddable":true,"href":"https:\/\/diariorepublica.com.ar\/web\/index.php\/wp-json\/wp\/v2\/tags?post=17739"}],"curies":[{"name":"wp","href":"https:\/\/api.w.org\/{rel}","templated":true}]}}