{"id":17742,"date":"2024-08-26T07:38:23","date_gmt":"2024-08-26T10:38:23","guid":{"rendered":"https:\/\/diariorepublica.com.ar\/web\/?p=17742"},"modified":"2024-08-26T07:38:26","modified_gmt":"2024-08-26T10:38:26","slug":"la-justicia-llamo-a-declarar-al-ex-jefe-de-la-residencia-de-olivos-en-la-causa-contra-alberto-fernandez","status":"publish","type":"post","link":"https:\/\/diariorepublica.com.ar\/web\/index.php\/nacionales\/2024\/08\/26\/la-justicia-llamo-a-declarar-al-ex-jefe-de-la-residencia-de-olivos-en-la-causa-contra-alberto-fernandez\/","title":{"rendered":"La Justicia llam\u00f3 a declarar al ex jefe de la Residencia de Olivos en la causa contra Alberto Fern\u00e1ndez"},"content":{"rendered":"<p>Ex jefe de la Quinta Presidencial durante el mandato de<strong>\u00a0Alberto Fern\u00e1ndez, Daniel Rodr\u00edguez<\/strong>, fue llamado por la Justicia para declarar en el caso de<strong>\u00a0presunta violencia de g\u00e9nero ejercida por el ex presidente a su ex mujer Fabiola Ya\u00f1ez.<\/strong><\/p>\n<p><strong>Hoy deber\u00e1 presentarse en Comodoro Py, ante el juez Juli\u00e1n Ercolini<\/strong>, debido a la estrecha relaci\u00f3n personal y profesional que lo vincula con el ex mandatario, motivo por el cual la Justicia supone que podr\u00eda tener conocimiento del v\u00ednculo que hab\u00eda entre ambos implicados durante el periodo 2019 \u2013 2023.<\/p>\n<p>Durante sus funciones en Olivos, no utiliz\u00f3 (ni lo hace actualmente) redes sociales ni tampoco tuvo contacto con la prensa; su relaci\u00f3n con Fern\u00e1ndez proviene desde la presidencia de N\u00e9stor Kirchner dado que ambos pertenec\u00edan al Peronismo.<\/p>\n<p>Rodr\u00edguez fue bombero de la Polic\u00eda Federal; trabaj\u00f3 como custodio de Fern\u00e1ndez cuando era jefe de Gabinete de Kirchner y luego pas\u00f3 a ser su chofer personal, cadete y secretario hasta, finalmente, llegar a estar a cargo de la residencia de Olivos.<\/p>\n<p>Semanas atr\u00e1s, el ex presidente de la Naci\u00f3n sostuvo, y hasta el momento no se retract\u00f3, que est\u00e1 \u201csiendo acusado\u201d de algo que \u201cno hizo\u201d y que \u201cnunca ha golpeado\u201d a Ya\u00f1ez ni a \u201cninguna mujer\u201d.<\/p>\n","protected":false},"excerpt":{"rendered":"<p>Ex jefe de la Quinta Presidencial durante el mandato de\u00a0Alberto Fern\u00e1ndez, Daniel Rodr\u00edguez, fue llamado por la Justicia para declarar<\/p>\n","protected":false},"author":1,"featured_media":17743,"comment_status":"closed","ping_status":"closed","sticky":false,"template":"","format":"standard","meta":{"footnotes":"","jetpack_publicize_message":"","jetpack_publicize_feature_enabled":true,"jetpack_social_post_already_shared":true,"jetpack_social_options":{"image_generator_settings":{"template":"highway","enabled":false},"version":2}},"categories":[4],"tags":[],"class_list":["post-17742","post","type-post","status-publish","format-standard","has-post-thumbnail","hentry","category-nacionales"],"jetpack_publicize_connections":[],"_links":{"self":[{"href":"https:\/\/diariorepublica.com.ar\/web\/index.php\/wp-json\/wp\/v2\/posts\/17742"}],"collection":[{"href":"https:\/\/diariorepublica.com.ar\/web\/index.php\/wp-json\/wp\/v2\/posts"}],"about":[{"href":"https:\/\/diariorepublica.com.ar\/web\/index.php\/wp-json\/wp\/v2\/types\/post"}],"author":[{"embeddable":true,"href":"https:\/\/diariorepublica.com.ar\/web\/index.php\/wp-json\/wp\/v2\/users\/1"}],"replies":[{"embeddable":true,"href":"https:\/\/diariorepublica.com.ar\/web\/index.php\/wp-json\/wp\/v2\/comments?post=17742"}],"version-history":[{"count":1,"href":"https:\/\/diariorepublica.com.ar\/web\/index.php\/wp-json\/wp\/v2\/posts\/17742\/revisions"}],"predecessor-version":[{"id":17744,"href":"https:\/\/diariorepublica.com.ar\/web\/index.php\/wp-json\/wp\/v2\/posts\/17742\/revisions\/17744"}],"wp:featuredmedia":[{"embeddable":true,"href":"https:\/\/diariorepublica.com.ar\/web\/index.php\/wp-json\/wp\/v2\/media\/17743"}],"wp:attachment":[{"href":"https:\/\/diariorepublica.com.ar\/web\/index.php\/wp-json\/wp\/v2\/media?parent=17742"}],"wp:term":[{"taxonomy":"category","embeddable":true,"href":"https:\/\/diariorepublica.com.ar\/web\/index.php\/wp-json\/wp\/v2\/categories?post=17742"},{"taxonomy":"post_tag","embeddable":true,"href":"https:\/\/diariorepublica.com.ar\/web\/index.php\/wp-json\/wp\/v2\/tags?post=17742"}],"curies":[{"name":"wp","href":"https:\/\/api.w.org\/{rel}","templated":true}]}}