{"id":17751,"date":"2024-08-26T07:54:10","date_gmt":"2024-08-26T10:54:10","guid":{"rendered":"https:\/\/diariorepublica.com.ar\/web\/?p=17751"},"modified":"2024-08-26T07:54:12","modified_gmt":"2024-08-26T10:54:12","slug":"menem-ningun-diputado-tiene-votos-propios-le-debemos-esta-posibilidad-a-milei","status":"publish","type":"post","link":"https:\/\/diariorepublica.com.ar\/web\/index.php\/politica\/2024\/08\/26\/menem-ningun-diputado-tiene-votos-propios-le-debemos-esta-posibilidad-a-milei\/","title":{"rendered":"Menem: \u00abNing\u00fan diputado tiene votos propios, le debemos esta posibilidad a Milei\u00bb"},"content":{"rendered":"<p><strong>\u00abTiene que quedar claro que los treinta y pico de diputados que fuimos electos, empanzando por m\u00ed, ninguno de nosotros tiene votos propios, todos le debemos esta posibilidad de estar en una banca al presidente Javier Milei\u00bb<\/strong>, plante\u00f3 en declaraciones radiales.<\/p>\n<p>En la misma l\u00ednea, y tras la publicaci\u00f3n de la legisladora Lourdes Arrieta, quien filtr\u00f3 chats de integrantes del bloque que coordinaron la visita a represores en el Penal de Ezeiza, agreg\u00f3: \u00abLo \u00fanico que tenemos que hacer es apoyar todos los proyectos del Ejecutivo y no afectarnos entre nosotros\u00bb.<\/p>\n<p><strong>\u00abEsta es la principal obligaci\u00f3n. Hay que ser leales, agradecidos y consecuentes con la situaci\u00f3n que nos puso en la C\u00e1mara de Diputados. Hay cosas que no se tienen que discutir\u00bb<\/strong>, subray\u00f3 Menem al respecto.<\/p>\n<p>Para Mart\u00edn Menem, la pol\u00e9mica reuni\u00f3n con exmilitares condenados por delitos de lesa humanidad durante la \u00faltima dictadura militar de 1976, \u00abno es un tema trascendente porque no le va a cambiar la vida a nadie\u00bb, aunque insisti\u00f3 en que no es la posici\u00f3n del bloque ni de la Casa de Gobierno. \u00abSon acciones individuales\u00bb, defini\u00f3.<\/p>\n<p>\u00abEn el origen de La Libertad Avanza, el no haber tenido partido, hizo que sea un grupo muy heterog\u00e9neo en distintas provincias. Hay perfiles que son diferentes a otros, en este caso en particular, es de p\u00fablico conocimiento que han ocurrido situaciones internas en el bloque que disparan otro tipo de situaciones que pronto se van a resolver. Forma parte de la disputa pol\u00edtica interna\u00bb, explic\u00f3 sobre los debates que se dan en el interior de la bancada.<\/p>\n<p>En otro pasaje de la entrevista, Menem revel\u00f3 que el pr\u00f3ximo martes habr\u00e1 una reuni\u00f3n de los diputados y senadores para resolver las diferencias internas. Si bien evit\u00f3 confirmarlo, desliz\u00f3 la posibilidad de que la diputada Lourdes Arrieta sea expulsada del bloque libertario.<\/p>\n<p>\u00abNo creo que eso nos quite votos. No creo que haya diputados que hayan sido electos sola y exclusivamente por el voto que puso la gente en la urna para el presidente Milei, y tengan la debilidad de no apoyar al presidente que los puso ah\u00ed. Ser\u00eda una locura, me parece inadmisible\u00bb, plante\u00f3 ante la posibilidad de que los expulsados voten en contra de las propuestas del oficialismo.<\/p>\n<p>Adem\u00e1s, envi\u00f3 un mensaje a los legisladores se\u00f1alados por el Poder Ejecutivo al plantear que le sorprender\u00eda que \u00abpersonas elegidas pura y exclusivamente gracias al voto a Javier Milei, vayan a votar en contra, m\u00e1s all\u00e1 de alguna situaci\u00f3n puntual\u00bb.<\/p>\n<p>Por \u00faltimo, concluy\u00f3: \u00abSer\u00eda una locura que gente que est\u00e1 en La Libertad Avanza vote alg\u00fan tema junto con Uni\u00f3n por la Patria\u00bb.<\/p>\n","protected":false},"excerpt":{"rendered":"<p>\u00abTiene que quedar claro que los treinta y pico de diputados que fuimos electos, empanzando por m\u00ed, ninguno de nosotros<\/p>\n","protected":false},"author":1,"featured_media":17752,"comment_status":"closed","ping_status":"closed","sticky":false,"template":"","format":"standard","meta":{"footnotes":"","jetpack_publicize_message":"","jetpack_publicize_feature_enabled":true,"jetpack_social_post_already_shared":true,"jetpack_social_options":{"image_generator_settings":{"template":"highway","enabled":false},"version":2}},"categories":[12],"tags":[],"class_list":["post-17751","post","type-post","status-publish","format-standard","has-post-thumbnail","hentry","category-politica"],"jetpack_publicize_connections":[],"_links":{"self":[{"href":"https:\/\/diariorepublica.com.ar\/web\/index.php\/wp-json\/wp\/v2\/posts\/17751"}],"collection":[{"href":"https:\/\/diariorepublica.com.ar\/web\/index.php\/wp-json\/wp\/v2\/posts"}],"about":[{"href":"https:\/\/diariorepublica.com.ar\/web\/index.php\/wp-json\/wp\/v2\/types\/post"}],"author":[{"embeddable":true,"href":"https:\/\/diariorepublica.com.ar\/web\/index.php\/wp-json\/wp\/v2\/users\/1"}],"replies":[{"embeddable":true,"href":"https:\/\/diariorepublica.com.ar\/web\/index.php\/wp-json\/wp\/v2\/comments?post=17751"}],"version-history":[{"count":1,"href":"https:\/\/diariorepublica.com.ar\/web\/index.php\/wp-json\/wp\/v2\/posts\/17751\/revisions"}],"predecessor-version":[{"id":17753,"href":"https:\/\/diariorepublica.com.ar\/web\/index.php\/wp-json\/wp\/v2\/posts\/17751\/revisions\/17753"}],"wp:featuredmedia":[{"embeddable":true,"href":"https:\/\/diariorepublica.com.ar\/web\/index.php\/wp-json\/wp\/v2\/media\/17752"}],"wp:attachment":[{"href":"https:\/\/diariorepublica.com.ar\/web\/index.php\/wp-json\/wp\/v2\/media?parent=17751"}],"wp:term":[{"taxonomy":"category","embeddable":true,"href":"https:\/\/diariorepublica.com.ar\/web\/index.php\/wp-json\/wp\/v2\/categories?post=17751"},{"taxonomy":"post_tag","embeddable":true,"href":"https:\/\/diariorepublica.com.ar\/web\/index.php\/wp-json\/wp\/v2\/tags?post=17751"}],"curies":[{"name":"wp","href":"https:\/\/api.w.org\/{rel}","templated":true}]}}