{"id":17754,"date":"2024-08-26T00:20:00","date_gmt":"2024-08-26T03:20:00","guid":{"rendered":"https:\/\/diariorepublica.com.ar\/web\/?p=17754"},"modified":"2024-08-26T08:21:42","modified_gmt":"2024-08-26T11:21:42","slug":"la-diputada-arrieta-expuso-chats-del-bloque-de-la-libertad-avanza-sobre-la-visita-a-represores","status":"publish","type":"post","link":"https:\/\/diariorepublica.com.ar\/web\/index.php\/politica\/2024\/08\/26\/la-diputada-arrieta-expuso-chats-del-bloque-de-la-libertad-avanza-sobre-la-visita-a-represores\/","title":{"rendered":"La diputada Arrieta expuso chats del bloque de La Libertad Avanza sobre la visita a represores"},"content":{"rendered":"<p>\u00abNo m\u00e1s impunidad\u00bb, se titula su extenso descargo en redes sociales en el que involucra a varios legisladores y a la ministra de Seguridad, Patricia Bullrich.<\/p>\n<p><strong>\u00abNo m\u00e1s impunidad. Como dijo el presidente Javier Milei es hora de que se sepa la verdad sobre qui\u00e9n autoriz\u00f3 y cu\u00e1l era el verdadero motivo de la visita a los genocidas. Adem\u00e1s de contarles el papel que jug\u00f3 el padre Ravasi y sus links con diputados, abogados y jueces\u00bb<\/strong>, plante\u00f3 en su cuenta de X.<\/p>\n<p>En el descargo, la diputada detall\u00f3 la creaci\u00f3n de varios grupos de WhatsApp para avanzar en medidas que beneficiaran a militares condenados por cr\u00edmenes de lesa humanidad durante la dictadura militar de 1976, luego de que la C\u00e1mara de Casaci\u00f3n anulara las libertades condicionales a Horacio Losito y Rafael Barreiro, y la excarcelaci\u00f3n de Juan Carlos Rol\u00f3n.<\/p>\n<p>Seg\u00fan describe en dos extensos hilos, \u00abtodo se inici\u00f3 con un grupo de WhatsApp que se cre\u00f3 en febrero y se llam\u00f3 `Comida informal con el Padre Javier`, con una foto de perfil del libro \u2018El Pacto\u00b4, comenz\u00f3 a explicar Arrieta.<\/p>\n<p>En la misma l\u00ednea, continu\u00f3 y enumer\u00f3 diputados: \u00abMe agreg\u00f3 el propio Ravasi el 23 de febrero y me dio la bienvenida. Entr\u00e9 porque en ese grupo ya estaban muchos de mis colegas que hoy fingen demencia: Lemoine, Ponce, Orozco, Mayoraz, Santurio, Benedit, Ferreyra y Araujo\u00bb.<\/p>\n<p>En el marco del intercambio virtual, el cura convoc\u00f3 a una \u00abreuni\u00f3n informal y reservada\u00bb que se habr\u00eda realizado el 14 de marzo en la calle Montevideo 871, en la Ciudad de Buenos Aires, y solicit\u00f3 que los asistentes confirmaran asistencia.<\/p>\n<p>Al pedido, respondieron asegurando su presencia los diputados Alida Ferreyra, Beltr\u00e1n Benedit, Celeste Ponce, Carlos Zapata, los abogados Laura Olea, Ricardo Saint Jean y el ex juez de Casaci\u00f3n Eduardo Riggi. Si bien Arrieta acept\u00f3 la invitaci\u00f3n, no asisti\u00f3, pero aport\u00f3 informaci\u00f3n sobre la llegada de Olea, Sain Jean, Alida Ferreyra, Mar\u00eda Emilia Orozco, Santiago Santurio y Guillermo Montenegro.<\/p>\n<p>Sin m\u00e1s detalles del intercambio presencial, Arrieta expuso que la abogada Laura Olea comparti\u00f3 en el grupo documentos en los que detallaba medidas para imponer un \u00abplazo razonable de los procesos y modificar la Ley de Ejecuci\u00f3n Penal, el C\u00f3digo Penal y Procesal\u00bb.<\/p>\n<p>Tambi\u00e9n el cura Ravasi envi\u00f3 un decreto reglamentario que permitir\u00eda incluir a las causas de lesa humanidad dentro del r\u00e9gimen.<\/p>\n<p>\u00abEl proyecto tiene como finalidad obligar a los jueces a conceder la prisi\u00f3n domiciliaria manifestando que \u2018los que est\u00e1n en c\u00e1rceles ir\u00edan a domicilio y muchos obtendr\u00edan la libertad\u2019\u00bb, explic\u00f3.<\/p>\n<div class=\"twitter-tweet twitter-tweet-rendered\"><iframe id=\"twitter-widget-0\" class=\"\" title=\"X Post\" src=\"https:\/\/platform.twitter.com\/embed\/Tweet.html?dnt=false&amp;embedId=twitter-widget-0&amp;features=eyJ0ZndfdGltZWxpbmVfbGlzdCI6eyJidWNrZXQiOltdLCJ2ZXJzaW9uIjpudWxsfSwidGZ3X2ZvbGxvd2VyX2NvdW50X3N1bnNldCI6eyJidWNrZXQiOnRydWUsInZlcnNpb24iOm51bGx9LCJ0ZndfdHdlZXRfZWRpdF9iYWNrZW5kIjp7ImJ1Y2tldCI6Im9uIiwidmVyc2lvbiI6bnVsbH0sInRmd19yZWZzcmNfc2Vzc2lvbiI6eyJidWNrZXQiOiJvbiIsInZlcnNpb24iOm51bGx9LCJ0ZndfZm9zbnJfc29mdF9pbnRlcnZlbnRpb25zX2VuYWJsZWQiOnsiYnVja2V0Ijoib24iLCJ2ZXJzaW9uIjpudWxsfSwidGZ3X21peGVkX21lZGlhXzE1ODk3Ijp7ImJ1Y2tldCI6InRyZWF0bWVudCIsInZlcnNpb24iOm51bGx9LCJ0ZndfZXhwZXJpbWVudHNfY29va2llX2V4cGlyYXRpb24iOnsiYnVja2V0IjoxMjA5NjAwLCJ2ZXJzaW9uIjpudWxsfSwidGZ3X3Nob3dfYmlyZHdhdGNoX3Bpdm90c19lbmFibGVkIjp7ImJ1Y2tldCI6Im9uIiwidmVyc2lvbiI6bnVsbH0sInRmd19kdXBsaWNhdGVfc2NyaWJlc190b19zZXR0aW5ncyI6eyJidWNrZXQiOiJvbiIsInZlcnNpb24iOm51bGx9LCJ0ZndfdXNlX3Byb2ZpbGVfaW1hZ2Vfc2hhcGVfZW5hYmxlZCI6eyJidWNrZXQiOiJvbiIsInZlcnNpb24iOm51bGx9LCJ0ZndfdmlkZW9faGxzX2R5bmFtaWNfbWFuaWZlc3RzXzE1MDgyIjp7ImJ1Y2tldCI6InRydWVfYml0cmF0ZSIsInZlcnNpb24iOm51bGx9LCJ0ZndfbGVnYWN5X3RpbWVsaW5lX3N1bnNldCI6eyJidWNrZXQiOnRydWUsInZlcnNpb24iOm51bGx9LCJ0ZndfdHdlZXRfZWRpdF9mcm9udGVuZCI6eyJidWNrZXQiOiJvbiIsInZlcnNpb24iOm51bGx9fQ%3D%3D&amp;frame=false&amp;hideCard=false&amp;hideThread=false&amp;id=1827544052260032533&amp;lang=es&amp;origin=http%3A%2F%2Fnoticias.mitelefe.com%2Fpolitica%2Fla-diputada-arrieta-expuso-chats-del-bloque-de-la-libertad-avanza-sobre-la-visita-a-represores%2F&amp;sessionId=ebd63b9e62aa2cd29b6ccf533045e3c48a621e50&amp;siteScreenName=telefenoticias&amp;theme=light&amp;widgetsVersion=2615f7e52b7e0%3A1702314776716&amp;width=550px\" frameborder=\"0\" scrolling=\"no\" allowfullscreen=\"allowfullscreen\" data-tweet-id=\"1827544052260032533\" data-mce-fragment=\"1\"><\/iframe><\/div>\n","protected":false},"excerpt":{"rendered":"<p>\u00abNo m\u00e1s impunidad\u00bb, se titula su extenso descargo en redes sociales en el que involucra a varios legisladores y a<\/p>\n","protected":false},"author":1,"featured_media":17755,"comment_status":"closed","ping_status":"closed","sticky":false,"template":"","format":"standard","meta":{"footnotes":"","jetpack_publicize_message":"","jetpack_publicize_feature_enabled":true,"jetpack_social_post_already_shared":true,"jetpack_social_options":{"image_generator_settings":{"template":"highway","enabled":false},"version":2}},"categories":[12],"tags":[],"class_list":["post-17754","post","type-post","status-publish","format-standard","has-post-thumbnail","hentry","category-politica"],"jetpack_publicize_connections":[],"_links":{"self":[{"href":"https:\/\/diariorepublica.com.ar\/web\/index.php\/wp-json\/wp\/v2\/posts\/17754"}],"collection":[{"href":"https:\/\/diariorepublica.com.ar\/web\/index.php\/wp-json\/wp\/v2\/posts"}],"about":[{"href":"https:\/\/diariorepublica.com.ar\/web\/index.php\/wp-json\/wp\/v2\/types\/post"}],"author":[{"embeddable":true,"href":"https:\/\/diariorepublica.com.ar\/web\/index.php\/wp-json\/wp\/v2\/users\/1"}],"replies":[{"embeddable":true,"href":"https:\/\/diariorepublica.com.ar\/web\/index.php\/wp-json\/wp\/v2\/comments?post=17754"}],"version-history":[{"count":1,"href":"https:\/\/diariorepublica.com.ar\/web\/index.php\/wp-json\/wp\/v2\/posts\/17754\/revisions"}],"predecessor-version":[{"id":17756,"href":"https:\/\/diariorepublica.com.ar\/web\/index.php\/wp-json\/wp\/v2\/posts\/17754\/revisions\/17756"}],"wp:featuredmedia":[{"embeddable":true,"href":"https:\/\/diariorepublica.com.ar\/web\/index.php\/wp-json\/wp\/v2\/media\/17755"}],"wp:attachment":[{"href":"https:\/\/diariorepublica.com.ar\/web\/index.php\/wp-json\/wp\/v2\/media?parent=17754"}],"wp:term":[{"taxonomy":"category","embeddable":true,"href":"https:\/\/diariorepublica.com.ar\/web\/index.php\/wp-json\/wp\/v2\/categories?post=17754"},{"taxonomy":"post_tag","embeddable":true,"href":"https:\/\/diariorepublica.com.ar\/web\/index.php\/wp-json\/wp\/v2\/tags?post=17754"}],"curies":[{"name":"wp","href":"https:\/\/api.w.org\/{rel}","templated":true}]}}