{"id":17813,"date":"2024-08-27T08:21:19","date_gmt":"2024-08-27T11:21:19","guid":{"rendered":"https:\/\/diariorepublica.com.ar\/web\/?p=17813"},"modified":"2024-08-27T08:21:21","modified_gmt":"2024-08-27T11:21:21","slug":"el-desplome-del-consumo-en-supermercados-se-agudiza-y-ya-baja-casi-23-interanual-en-agosto","status":"publish","type":"post","link":"https:\/\/diariorepublica.com.ar\/web\/index.php\/economia\/2024\/08\/27\/el-desplome-del-consumo-en-supermercados-se-agudiza-y-ya-baja-casi-23-interanual-en-agosto\/","title":{"rendered":"El desplome del consumo en supermercados se agudiza y ya baja casi 23% interanual en agosto"},"content":{"rendered":"<p>La escena se repite a lo largo y ancho del pa\u00eds. Las sucursales est\u00e1n pr\u00e1cticamente vac\u00edas, excepto los d\u00edas en los que hay promociones con tarjetas bancarias o alguna fintech. En los supermercados, la ca\u00edda del nivel de ventas se profundiza mes a mes y semana a semana. Y funciona como un term\u00f3metro tanto de la crisis social como de las dificultades que enfrenta la econom\u00eda para salir de la recesi\u00f3n. Seg\u00fan datos del sector actualizados hasta el 18 de agosto, a los que pudo acceder \u00c1mbito, el desplome del consumo se agudiz\u00f3 en los \u00faltimos d\u00edas y alcanz\u00f3 el 22,6% interanual en el acumulado del mes.<\/p>\n<p>La secuencia de los \u00faltimos meses relevada por la consultora Scentia, que se especializa en consumo masivo, ya hab\u00eda encendido las alarmas: en junio, las ventas en supermercados y autoservicios de barrio cayeron 12,4% interanual; en julio, la baja se aceler\u00f3 al 16,1%. En las grandes cadenas, el retroceso interanual del mes pasado fue 16,6%.<\/p>\n<article class=\"article-body article-body--third-paragraph content-protected-false\">Como cont\u00f3 este\u00a0medio,\u00a0<strong>los primeros d\u00edas de agosto ya hab\u00edan mostrado una profundizaci\u00f3n del deterioro de las ventas en supermercados<\/strong>:\u00a0<strong>hasta el d\u00eda 11, la merma hab\u00eda aumentado al 18,7%<\/strong>. Pero la situaci\u00f3n directamente colaps\u00f3 en la semana siguiente. \u201cEl mes ya arranc\u00f3 mal, pero\u00a0<strong>a partir del d\u00eda 10 \u00f3 12 directamente se fren\u00f3 en seco<\/strong>. La gente no tiene un mango en el bolsillo\u201d, dijo una fuente del sector. Puesto en n\u00fameros, esto implic\u00f3 que el consumo en las grandes superficies\u00a0<strong>se derrumb\u00f3 27,6% interanual en la semana que fue del 12 al 18 de agosto<\/strong>, seg\u00fan los n\u00fameros a los que accedi\u00f3\u00a0<strong>\u00c1mbito<\/strong>.<\/p>\n<\/article>\n<article class=\"article-body article-body--fourth-paragraph content-protected-false\">\n<div id=\"7973785-Libre-1910856971_wrap\" class=\"embed_cont type_imagen\" contenteditable=\"false\">\n<div id=\"7973785-Libre-1910856971_content\" class=\"embed_content\"><img decoding=\"async\" id=\"7973785-Libre-1910856971_embed\" title=\"\" src=\"https:\/\/media.ambito.com\/p\/791b113335a6887e7f768c29cc248101\/adjuntos\/239\/imagenes\/041\/768\/0041768866\/730x0\/smart\/imagepng.png\" alt=\"\" width=\"730\" height=\"undefined\" data-td-src-property=\"https:\/\/media.ambito.com\/p\/791b113335a6887e7f768c29cc248101\/adjuntos\/239\/imagenes\/041\/768\/0041768866\/730x0\/smart\/imagepng.png\" \/><\/div>\n<\/div>\n<p>Se trata de los n\u00fameros provistos por las propias empresas supermercadistas de alcance nacional, que son relevados por la consultora Scentia de cara a su informe mensual. La informaci\u00f3n actualizada tiene datos de todas las grandes cadenas, excepto una. Pero una fuente del sector que hace seguimiento cotidiano de estos datos explic\u00f3 que, cuando se incorporen los datos de la cadena que falta, el porcentaje total a lo sumo se mover\u00e1 un punto porcentual para abajo o para arriba. Con todo, hasta ac\u00e1,\u00a0<strong>el acumulado de los primeros 18 d\u00edas de agosto arroja una ca\u00edda interanual del 22,6%, es decir, 6 puntos m\u00e1s que en julio<\/strong>. En productos durables la ca\u00edda acumulada es a\u00fan m\u00e1s fuerte: los supermercados vendieron 33,5% menos electrodom\u00e9sticos que en el mismo lapso de agosto de 2023.<\/p>\n<\/article>\n<article class=\"article-body article-body--remaining-paragraph content-protected-false\">Es cierto que, en parte, la profundizaci\u00f3n de la ca\u00edda responde a que, mes a mes,\u00a0<strong>la comparaci\u00f3n interanual se realiza contra una base m\u00e1s elevada<\/strong>. En el segundo semestre de 2023, en el marco del proceso electoral, el Gobierno pasado impuls\u00f3 una serie de medidas para apuntalar los ingresos. De hecho, es de esperar que el deterioro se agudice a\u00fan m\u00e1s a partir del pr\u00f3ximo mes ya que en\u00a0<strong>septiembre\u00a0<\/strong>del a\u00f1o pasado empez\u00f3 a regir el\u00a0<strong>Compre Sin IVA,<\/strong>\u00a0el programa de devoluci\u00f3n del impuesto en compras con tarjeta de d\u00e9bito que gener\u00f3 un traslado considerable del consumo desde comercios de cercan\u00eda (donde el plan tuvo escaso impacto) hacia las grandes cadenas de supermercados.<\/p>\n<p>De todas maneras, la crisis de consumo de la era Milei tiene una profundidad con escasos antecedentes en la historia. Una importante fuente del sector supermercadista le dijo a \u00c1mbito que\u00a0<strong>\u201ca diferencia de 2002, cuando el consumo se corri\u00f3 de supermercados cadena a autoservicios de origen chino\u201d, ahora no se ve desplazamiento hacia otros canales<\/strong>\u00a0de venta. En julio, por caso, hubo una ca\u00edda del 15,5% interanual en los autoservicios independientes relevados por Scentia.<\/p>\n<p>En\u00a0<strong>mayoristas<\/strong>, la situaci\u00f3n tampoco es muy distinta: el INDEC inform\u00f3 un desplome del 14,5% interanual en junio (\u00faltimo dato disponible) y, en las \u00faltimas semanas, hubo una serie de novedades que dan cuenta de que el deterioro de las ventas no se detuvo. Por un lado, Diarco y otras cadenas mayoristas se lanzaron a aceptar compras en d\u00f3lares (incluso con billetes cara chica o deteriorados) a una cotizaci\u00f3n superior incluso a la del blue para intentar atraer a sus locales a las familias de sectores medios que se ven forzadas a quemar ahorros del colch\u00f3n para llegar a fin de mes. Por otro, la firma de capitales neerlandeses Makro puso en venta las 24 sucursales que tiene en Argentina.<\/p>\n<p>ambito.com<\/p>\n<\/article>\n","protected":false},"excerpt":{"rendered":"<p>La escena se repite a lo largo y ancho del pa\u00eds. Las sucursales est\u00e1n pr\u00e1cticamente vac\u00edas, excepto los d\u00edas en<\/p>\n","protected":false},"author":1,"featured_media":17814,"comment_status":"closed","ping_status":"closed","sticky":false,"template":"","format":"standard","meta":{"footnotes":"","jetpack_publicize_message":"","jetpack_publicize_feature_enabled":true,"jetpack_social_post_already_shared":true,"jetpack_social_options":{"image_generator_settings":{"template":"highway","enabled":false},"version":2}},"categories":[5],"tags":[],"class_list":["post-17813","post","type-post","status-publish","format-standard","has-post-thumbnail","hentry","category-economia"],"jetpack_publicize_connections":[],"_links":{"self":[{"href":"https:\/\/diariorepublica.com.ar\/web\/index.php\/wp-json\/wp\/v2\/posts\/17813"}],"collection":[{"href":"https:\/\/diariorepublica.com.ar\/web\/index.php\/wp-json\/wp\/v2\/posts"}],"about":[{"href":"https:\/\/diariorepublica.com.ar\/web\/index.php\/wp-json\/wp\/v2\/types\/post"}],"author":[{"embeddable":true,"href":"https:\/\/diariorepublica.com.ar\/web\/index.php\/wp-json\/wp\/v2\/users\/1"}],"replies":[{"embeddable":true,"href":"https:\/\/diariorepublica.com.ar\/web\/index.php\/wp-json\/wp\/v2\/comments?post=17813"}],"version-history":[{"count":1,"href":"https:\/\/diariorepublica.com.ar\/web\/index.php\/wp-json\/wp\/v2\/posts\/17813\/revisions"}],"predecessor-version":[{"id":17815,"href":"https:\/\/diariorepublica.com.ar\/web\/index.php\/wp-json\/wp\/v2\/posts\/17813\/revisions\/17815"}],"wp:featuredmedia":[{"embeddable":true,"href":"https:\/\/diariorepublica.com.ar\/web\/index.php\/wp-json\/wp\/v2\/media\/17814"}],"wp:attachment":[{"href":"https:\/\/diariorepublica.com.ar\/web\/index.php\/wp-json\/wp\/v2\/media?parent=17813"}],"wp:term":[{"taxonomy":"category","embeddable":true,"href":"https:\/\/diariorepublica.com.ar\/web\/index.php\/wp-json\/wp\/v2\/categories?post=17813"},{"taxonomy":"post_tag","embeddable":true,"href":"https:\/\/diariorepublica.com.ar\/web\/index.php\/wp-json\/wp\/v2\/tags?post=17813"}],"curies":[{"name":"wp","href":"https:\/\/api.w.org\/{rel}","templated":true}]}}