{"id":17817,"date":"2024-08-27T06:21:00","date_gmt":"2024-08-27T09:21:00","guid":{"rendered":"https:\/\/diariorepublica.com.ar\/web\/?p=17817"},"modified":"2024-08-27T08:22:39","modified_gmt":"2024-08-27T11:22:39","slug":"interpol-emitio-un-alerta-roja-por-la-busqueda-del-diputado-german-kiczka-acusado-de-pedofilia","status":"publish","type":"post","link":"https:\/\/diariorepublica.com.ar\/web\/index.php\/policiales\/2024\/08\/27\/interpol-emitio-un-alerta-roja-por-la-busqueda-del-diputado-german-kiczka-acusado-de-pedofilia\/","title":{"rendered":"Interpol emiti\u00f3 un alerta roja por la b\u00fasqueda del diputado Germ\u00e1n Kiczka, acusado de pedofilia"},"content":{"rendered":"<article class=\"article-body article-body--first-paragraph content-protected-false\" data-td-script-src=\"https:\/\/www.ambito.com\/td\/modulos\/encuestas\/js\/function-embeds-min-version-1724731654.js\"><strong>Interpol Argentina<\/strong>\u00a0emiti\u00f3 formalmente este lunes un\u00a0<strong>alerta roja<\/strong>\u00a0por la b\u00fasqueda nacional e internacional del exdiputado misionero de La Libertad Avanza,\u00a0<strong>Germ\u00e1n Kiczka<\/strong>,\u00a0y de su hermano Sebasti\u00e1n, quienes permanecen pr\u00f3fugos de la Justicia\u00a0<strong>acusados de distribuir y consumir pornograf\u00eda infantil,<\/strong>\u00a0adem\u00e1s de su presunta vinculaci\u00f3n a una<strong>\u00a0red de pedofilia.<\/strong><\/p>\n<\/article>\n<article class=\"article-body article-body--second-paragraph content-protected-false\">El alerta cuenta con todos los detalles del delito por el que se los acusa y la descripci\u00f3n de los hermanos Kiczka, de quienes se indic\u00f3 que podr\u00edan haberse desplazado\u00a0<strong>\u201cpor Brasil o Paraguay\u201d.<\/strong><\/p>\n<article class=\"article-body article-body--third-paragraph content-protected-false\">El diputado misionero es buscado de manera intensa\u00a0<strong>desde el jueves 22 de agosto\u00a0<\/strong>luego de que la Legislatura provincial haya aprobado por mayor\u00eda su desafuero, lo que deriv\u00f3 en un allanamiento en Ap\u00f3stoles para detenerlo, algo que no se concret\u00f3 ya que se dio a la fuga.<\/p>\n<\/article>\n<article class=\"article-body article-body--fourth-paragraph content-protected-false\">Con lo obtenido, los investigadores creen que el diputado y su hermano fueron hasta Iguaz\u00fa y de all\u00ed se fugaron hac\u00eda alg\u00fan pa\u00eds vecino.<\/p>\n<\/article>\n<\/article>\n","protected":false},"excerpt":{"rendered":"<p>Interpol Argentina\u00a0emiti\u00f3 formalmente este lunes un\u00a0alerta roja\u00a0por la b\u00fasqueda nacional e internacional del exdiputado misionero de La Libertad Avanza,\u00a0Germ\u00e1n Kiczka,\u00a0y<\/p>\n","protected":false},"author":1,"featured_media":17818,"comment_status":"closed","ping_status":"closed","sticky":false,"template":"","format":"standard","meta":{"footnotes":"","jetpack_publicize_message":"","jetpack_publicize_feature_enabled":true,"jetpack_social_post_already_shared":true,"jetpack_social_options":{"image_generator_settings":{"template":"highway","enabled":false},"version":2}},"categories":[8],"tags":[],"class_list":["post-17817","post","type-post","status-publish","format-standard","has-post-thumbnail","hentry","category-policiales"],"jetpack_publicize_connections":[],"_links":{"self":[{"href":"https:\/\/diariorepublica.com.ar\/web\/index.php\/wp-json\/wp\/v2\/posts\/17817"}],"collection":[{"href":"https:\/\/diariorepublica.com.ar\/web\/index.php\/wp-json\/wp\/v2\/posts"}],"about":[{"href":"https:\/\/diariorepublica.com.ar\/web\/index.php\/wp-json\/wp\/v2\/types\/post"}],"author":[{"embeddable":true,"href":"https:\/\/diariorepublica.com.ar\/web\/index.php\/wp-json\/wp\/v2\/users\/1"}],"replies":[{"embeddable":true,"href":"https:\/\/diariorepublica.com.ar\/web\/index.php\/wp-json\/wp\/v2\/comments?post=17817"}],"version-history":[{"count":1,"href":"https:\/\/diariorepublica.com.ar\/web\/index.php\/wp-json\/wp\/v2\/posts\/17817\/revisions"}],"predecessor-version":[{"id":17819,"href":"https:\/\/diariorepublica.com.ar\/web\/index.php\/wp-json\/wp\/v2\/posts\/17817\/revisions\/17819"}],"wp:featuredmedia":[{"embeddable":true,"href":"https:\/\/diariorepublica.com.ar\/web\/index.php\/wp-json\/wp\/v2\/media\/17818"}],"wp:attachment":[{"href":"https:\/\/diariorepublica.com.ar\/web\/index.php\/wp-json\/wp\/v2\/media?parent=17817"}],"wp:term":[{"taxonomy":"category","embeddable":true,"href":"https:\/\/diariorepublica.com.ar\/web\/index.php\/wp-json\/wp\/v2\/categories?post=17817"},{"taxonomy":"post_tag","embeddable":true,"href":"https:\/\/diariorepublica.com.ar\/web\/index.php\/wp-json\/wp\/v2\/tags?post=17817"}],"curies":[{"name":"wp","href":"https:\/\/api.w.org\/{rel}","templated":true}]}}