{"id":17829,"date":"2024-08-27T17:56:28","date_gmt":"2024-08-27T20:56:28","guid":{"rendered":"https:\/\/diariorepublica.com.ar\/web\/?p=17829"},"modified":"2024-08-27T17:56:30","modified_gmt":"2024-08-27T20:56:30","slug":"el-ente-regulador-escucho-a-los-vecinos-del-departamento-capayan","status":"publish","type":"post","link":"https:\/\/diariorepublica.com.ar\/web\/index.php\/sociedad\/2024\/08\/27\/el-ente-regulador-escucho-a-los-vecinos-del-departamento-capayan\/","title":{"rendered":"El Ente Regulador escuch\u00f3 a los vecinos del departamento Capay\u00e1n"},"content":{"rendered":"<p>Tal como estaba previsto, personal del Ente Regulador se hizo presente hoy martes en la localidad de Miraflores, donde atendi\u00f3 las inquietudes de una importante cantidad de vecinos que se acercaron a consultar sobre el subsidio nacional a la energ\u00eda el\u00e9ctrica y sobre la facturaci\u00f3n del servicio.<\/p>\n<p>En el \u201cCentro Vecinal de Agua Potable y Otros Servicios P\u00fablicos \u2018Ra\u00fal Bartolo Carrizo\u2019\u201d, el personal de la Direcci\u00f3n de Denuncias y Reclamos; y de Defensa del Consumidor del Organismo explic\u00f3 a los usuarios el alcance de las pol\u00edticas de subsidios tanto nacional como provincial vigentes; al tiempo que atendi\u00f3 consultas sobre casos particulares referidos a la facturaci\u00f3n del servicio de energ\u00eda.<\/p>\n<p>Durante la reuni\u00f3n, los vecinos plantearon la necesidad de que a trav\u00e9s del Gobierno Provincial se eleven los topes de consumos establecidos para mantener el subsidio nacional, hoy fijados en 250 kwh mensuales para los usuarios \u201cN3 Ingresos Medios\u201d y 350 kwh mensuales para los usuarios \u201cN2 Ingresos Bajos\u201d. Desde el organismo se comprometieron a gestionar el requerimiento solicitado.<\/p>\n<p>El momento fue propicio tambi\u00e9n para reiterar una vez m\u00e1s la necesidad de realizar un uso racional y responsable de la energ\u00eda el\u00e9ctrica para evitar facturaciones con montos excesivos.<\/p>\n<p>Por \u00faltimo, se atendieron consultas referidas a la inscripci\u00f3n para mantener el subsidio nacional a la energ\u00eda el\u00e9ctrica, cuyo plazo vence el pr\u00f3ximo 4 de septiembre.<\/p>\n<p>Cabe destacar que la atenci\u00f3n continuar\u00e1 ma\u00f1ana en el mismo lugar en el horario de 8:30 a 12 horas. Asimismo, se resolvi\u00f3 que el jueves la oficina m\u00f3vil se trasladar\u00e1 a la localidad de Colonia del Valle donde se atender\u00e1 de 8:30 a 12 en la Escuela N\u00b032 General Juan Jos\u00e9 Valle.<\/p>\n","protected":false},"excerpt":{"rendered":"<p>Tal como estaba previsto, personal del Ente Regulador se hizo presente hoy martes en la localidad de Miraflores, donde atendi\u00f3<\/p>\n","protected":false},"author":1,"featured_media":17830,"comment_status":"closed","ping_status":"closed","sticky":false,"template":"","format":"standard","meta":{"footnotes":"","jetpack_publicize_message":"","jetpack_publicize_feature_enabled":true,"jetpack_social_post_already_shared":true,"jetpack_social_options":{"image_generator_settings":{"template":"highway","enabled":false},"version":2}},"categories":[3],"tags":[],"class_list":["post-17829","post","type-post","status-publish","format-standard","has-post-thumbnail","hentry","category-sociedad"],"jetpack_publicize_connections":[],"_links":{"self":[{"href":"https:\/\/diariorepublica.com.ar\/web\/index.php\/wp-json\/wp\/v2\/posts\/17829"}],"collection":[{"href":"https:\/\/diariorepublica.com.ar\/web\/index.php\/wp-json\/wp\/v2\/posts"}],"about":[{"href":"https:\/\/diariorepublica.com.ar\/web\/index.php\/wp-json\/wp\/v2\/types\/post"}],"author":[{"embeddable":true,"href":"https:\/\/diariorepublica.com.ar\/web\/index.php\/wp-json\/wp\/v2\/users\/1"}],"replies":[{"embeddable":true,"href":"https:\/\/diariorepublica.com.ar\/web\/index.php\/wp-json\/wp\/v2\/comments?post=17829"}],"version-history":[{"count":1,"href":"https:\/\/diariorepublica.com.ar\/web\/index.php\/wp-json\/wp\/v2\/posts\/17829\/revisions"}],"predecessor-version":[{"id":17831,"href":"https:\/\/diariorepublica.com.ar\/web\/index.php\/wp-json\/wp\/v2\/posts\/17829\/revisions\/17831"}],"wp:featuredmedia":[{"embeddable":true,"href":"https:\/\/diariorepublica.com.ar\/web\/index.php\/wp-json\/wp\/v2\/media\/17830"}],"wp:attachment":[{"href":"https:\/\/diariorepublica.com.ar\/web\/index.php\/wp-json\/wp\/v2\/media?parent=17829"}],"wp:term":[{"taxonomy":"category","embeddable":true,"href":"https:\/\/diariorepublica.com.ar\/web\/index.php\/wp-json\/wp\/v2\/categories?post=17829"},{"taxonomy":"post_tag","embeddable":true,"href":"https:\/\/diariorepublica.com.ar\/web\/index.php\/wp-json\/wp\/v2\/tags?post=17829"}],"curies":[{"name":"wp","href":"https:\/\/api.w.org\/{rel}","templated":true}]}}