{"id":1786,"date":"2023-04-20T08:40:00","date_gmt":"2023-04-20T11:40:00","guid":{"rendered":"https:\/\/diariorepublica.com.ar\/web\/?p=1786"},"modified":"2023-04-20T08:45:39","modified_gmt":"2023-04-20T11:45:39","slug":"el-gobernador-raul-jalil-con-amplias-actividades-en-antofagasta-de-la-sierra","status":"publish","type":"post","link":"https:\/\/diariorepublica.com.ar\/web\/index.php\/politica\/2023\/04\/20\/el-gobernador-raul-jalil-con-amplias-actividades-en-antofagasta-de-la-sierra\/","title":{"rendered":"El Gobernador Raul Jalil con amplias actividades en Antofagasta de la Sierra"},"content":{"rendered":"<p>El gobernador Ra\u00fal Jalil, junto a la Embajadora de Gran Breta\u00f1a, Kirsty Hayes, y el intendente Julio Taritolay, desarrollaron una agenda de actividades en Antofagasta de la Sierra que incluy\u00f3 una visita a la planta piloto del proyecto minero Kachi, ubicado en el paraje Carachi Pampa.<\/p>\n<p>Las autoridades visitaron la planta piloto del proyecto donde se interiorizaron sobre el proceso -\u00fanico en el mundo- que emplea la operadora Lake Resources para extraer, refinar e inyectar al salar el Litio, adem\u00e1s de las normas y reglas del cuidado del medio ambiente con las que trabaja la empresa.<\/p>\n<p>La delegaci\u00f3n fue recibida por la Country Manager de Lake en Argentina, Amalia Saenz, junto con Jonah Smith, Director y Gerente General de Operaciones de Pozos; y otros gerentes del proyecto Kachi.<\/p>\n<p>\u201cEn nombre de Lake Resources estoy muy orgullosa de tener esta oportunidad de compartir el importante trabajo que estamos haciendo en Kachi con nuestros estimados invitados\u201d, dijo Amalia S\u00e1enz, Country Manager y Responsable de Asuntos Corporativos. \u201cAgradecemos al Gobernador Jalil y a toda la delegaci\u00f3n por pasar tiempo con nosotros en el sitio para comprender mejor nuestro proyecto, el impacto positivo que tendr\u00e1 para las personas en la provincia de Catamarca, y la transici\u00f3n energ\u00e9tica sostenible global\u201d.<\/p>\n","protected":false},"excerpt":{"rendered":"<p>El gobernador Ra\u00fal Jalil, junto a la Embajadora de Gran Breta\u00f1a, Kirsty Hayes, y el intendente Julio Taritolay, desarrollaron una<\/p>\n","protected":false},"author":2,"featured_media":1783,"comment_status":"closed","ping_status":"closed","sticky":false,"template":"","format":"standard","meta":{"footnotes":"","jetpack_publicize_message":"","jetpack_publicize_feature_enabled":true,"jetpack_social_post_already_shared":false,"jetpack_social_options":{"image_generator_settings":{"template":"highway","enabled":false},"version":2}},"categories":[12],"tags":[],"class_list":["post-1786","post","type-post","status-publish","format-standard","has-post-thumbnail","hentry","category-politica"],"jetpack_publicize_connections":[],"_links":{"self":[{"href":"https:\/\/diariorepublica.com.ar\/web\/index.php\/wp-json\/wp\/v2\/posts\/1786"}],"collection":[{"href":"https:\/\/diariorepublica.com.ar\/web\/index.php\/wp-json\/wp\/v2\/posts"}],"about":[{"href":"https:\/\/diariorepublica.com.ar\/web\/index.php\/wp-json\/wp\/v2\/types\/post"}],"author":[{"embeddable":true,"href":"https:\/\/diariorepublica.com.ar\/web\/index.php\/wp-json\/wp\/v2\/users\/2"}],"replies":[{"embeddable":true,"href":"https:\/\/diariorepublica.com.ar\/web\/index.php\/wp-json\/wp\/v2\/comments?post=1786"}],"version-history":[{"count":1,"href":"https:\/\/diariorepublica.com.ar\/web\/index.php\/wp-json\/wp\/v2\/posts\/1786\/revisions"}],"predecessor-version":[{"id":1788,"href":"https:\/\/diariorepublica.com.ar\/web\/index.php\/wp-json\/wp\/v2\/posts\/1786\/revisions\/1788"}],"wp:featuredmedia":[{"embeddable":true,"href":"https:\/\/diariorepublica.com.ar\/web\/index.php\/wp-json\/wp\/v2\/media\/1783"}],"wp:attachment":[{"href":"https:\/\/diariorepublica.com.ar\/web\/index.php\/wp-json\/wp\/v2\/media?parent=1786"}],"wp:term":[{"taxonomy":"category","embeddable":true,"href":"https:\/\/diariorepublica.com.ar\/web\/index.php\/wp-json\/wp\/v2\/categories?post=1786"},{"taxonomy":"post_tag","embeddable":true,"href":"https:\/\/diariorepublica.com.ar\/web\/index.php\/wp-json\/wp\/v2\/tags?post=1786"}],"curies":[{"name":"wp","href":"https:\/\/api.w.org\/{rel}","templated":true}]}}