{"id":17866,"date":"2024-08-29T05:44:00","date_gmt":"2024-08-29T08:44:00","guid":{"rendered":"https:\/\/diariorepublica.com.ar\/web\/?p=17866"},"modified":"2024-08-29T07:46:00","modified_gmt":"2024-08-29T10:46:00","slug":"tagliafico-y-balerdi-bajas-de-la-seleccion-de-cara-a-las-eliminatorias","status":"publish","type":"post","link":"https:\/\/diariorepublica.com.ar\/web\/index.php\/deportes\/2024\/08\/29\/tagliafico-y-balerdi-bajas-de-la-seleccion-de-cara-a-las-eliminatorias\/","title":{"rendered":"Tagliafico y Balerdi, bajas de la Selecci\u00f3n de cara a las Eliminatorias"},"content":{"rendered":"<p><strong>Nicol\u00e1s Tagliafico y Leonardo Balerdi\u00a0<\/strong>fueron dados de baja por la\u00a0Selecci\u00f3n argentina\u00a0y no ser\u00e1n parte del plantel que jugar\u00e1n la doble fecha de\u00a0Eliminatorias Sudamericanas\u00a0para el Mundial de Estados Unidos, Canad\u00e1 y M\u00e9xico 2026 ante\u00a0<strong>Chile y Colombia.<\/strong><\/p>\n<p>El lateral del Olympique Lyon no formar\u00e1 parte del plante\u00a0<strong>ya que todav\u00eda est\u00e1 agarrando ritmo de juego\u00a0<\/strong>luego de la dolencia que lo aquej\u00f3 tras la Copa Am\u00e9rica de Estados Unidos 2024. Esto no le permiti\u00f3 tener una pretemporada completa en Francia.<\/p>\n<div class=\"twitter-tweet twitter-tweet-rendered\"><iframe id=\"twitter-widget-0\" class=\"\" title=\"X Post\" src=\"https:\/\/platform.twitter.com\/embed\/Tweet.html?creatorScreenName=canal26noticias&amp;dnt=false&amp;embedId=twitter-widget-0&amp;features=eyJ0ZndfdGltZWxpbmVfbGlzdCI6eyJidWNrZXQiOltdLCJ2ZXJzaW9uIjpudWxsfSwidGZ3X2ZvbGxvd2VyX2NvdW50X3N1bnNldCI6eyJidWNrZXQiOnRydWUsInZlcnNpb24iOm51bGx9LCJ0ZndfdHdlZXRfZWRpdF9iYWNrZW5kIjp7ImJ1Y2tldCI6Im9uIiwidmVyc2lvbiI6bnVsbH0sInRmd19yZWZzcmNfc2Vzc2lvbiI6eyJidWNrZXQiOiJvbiIsInZlcnNpb24iOm51bGx9LCJ0ZndfZm9zbnJfc29mdF9pbnRlcnZlbnRpb25zX2VuYWJsZWQiOnsiYnVja2V0Ijoib24iLCJ2ZXJzaW9uIjpudWxsfSwidGZ3X21peGVkX21lZGlhXzE1ODk3Ijp7ImJ1Y2tldCI6InRyZWF0bWVudCIsInZlcnNpb24iOm51bGx9LCJ0ZndfZXhwZXJpbWVudHNfY29va2llX2V4cGlyYXRpb24iOnsiYnVja2V0IjoxMjA5NjAwLCJ2ZXJzaW9uIjpudWxsfSwidGZ3X3Nob3dfYmlyZHdhdGNoX3Bpdm90c19lbmFibGVkIjp7ImJ1Y2tldCI6Im9uIiwidmVyc2lvbiI6bnVsbH0sInRmd19kdXBsaWNhdGVfc2NyaWJlc190b19zZXR0aW5ncyI6eyJidWNrZXQiOiJvbiIsInZlcnNpb24iOm51bGx9LCJ0ZndfdXNlX3Byb2ZpbGVfaW1hZ2Vfc2hhcGVfZW5hYmxlZCI6eyJidWNrZXQiOiJvbiIsInZlcnNpb24iOm51bGx9LCJ0ZndfdmlkZW9faGxzX2R5bmFtaWNfbWFuaWZlc3RzXzE1MDgyIjp7ImJ1Y2tldCI6InRydWVfYml0cmF0ZSIsInZlcnNpb24iOm51bGx9LCJ0ZndfbGVnYWN5X3RpbWVsaW5lX3N1bnNldCI6eyJidWNrZXQiOnRydWUsInZlcnNpb24iOm51bGx9LCJ0ZndfdHdlZXRfZWRpdF9mcm9udGVuZCI6eyJidWNrZXQiOiJvbiIsInZlcnNpb24iOm51bGx9fQ%3D%3D&amp;frame=false&amp;hideCard=false&amp;hideThread=false&amp;id=1828919413300511052&amp;lang=es&amp;origin=https%3A%2F%2Fwww.canal26.com%2Fdeportes%2Ftagliafico-y-balerdi-bajas-de-la-seleccion-de-cara-a-las-eliminatorias-los-posibles-nuevos-convocados-de-boca-y-river--389314&amp;sessionId=de512d505170258ea83944f89016da5279840855&amp;siteScreenName=canal26noticias&amp;theme=light&amp;widgetsVersion=2615f7e52b7e0%3A1702314776716&amp;width=550px\" frameborder=\"0\" scrolling=\"no\" allowfullscreen=\"allowfullscreen\" data-gtm-yt-inspected-16=\"true\" data-gtm-yt-inspected-21=\"true\" data-gtm-yt-inspected-93850210_50=\"true\" data-gtm-yt-inspected-93850210_102=\"true\" data-tweet-id=\"1828919413300511052\" data-mce-fragment=\"1\"><\/iframe><\/div>\n<p>Otra baja fue la del defensor\u00a0<strong>Leonardo Balerdi<\/strong>, quien\u00a0<strong>sufri\u00f3 una lesi\u00f3n muscular\u00a0<\/strong>en el Olympique de Marsella y, por esta raz\u00f3n, se decidi\u00f3 darlo de baja de la lista de jugadores convocados.<\/p>\n<p>La noticia despert\u00f3 un Supercl\u00e1sico en redes sociales para ver qui\u00e9n reemplazar\u00e1 en la lista al ex defensor de Banfield. Los dos con m\u00e1s posibilidades de vestir la camiseta argentina en esta doble fecha de Eliminatorias son el futbolista de River,\u00a0<strong>Marcos Acu\u00f1a<\/strong>\u00a0y el jugador de Boca,\u00a0<strong>Lautaro Blanco.<\/strong><\/p>\n<h6>La lista de convocados completa<\/h6>\n<p><strong>Arqueros:<\/strong> Emiliano Mart\u00ednez, W\u00e1lter Ben\u00edtez, Ger\u00f3nimo Rulli y Juan Musso.<\/p>\n<p><strong>Defensores:<\/strong>\u00a0Gonzalo Montiel, Nahuel Molina, Cristian Romero, Germ\u00e1n Pezzella, Nicol\u00e1s Otamendi, Lisandro Mart\u00ednez y Valent\u00edn Barco.<\/p>\n<p><strong>Mediocampistas:<\/strong>\u00a0Leandro Paredes, Guido Rodr\u00edguez, Alexis Mac Allister, Enzo Fern\u00e1ndez, Giovani Lo Celso, Ezequiel Fern\u00e1ndez y Rodrigo de Paul.<\/p>\n<p><strong>Delanteros<\/strong>: Paulo Dybala, Nicol\u00e1s Gonz\u00e1lez, Alejandro Garnacho, Mat\u00edas Soul\u00e9, Giuliano Simeone, Valent\u00edn Carboni, Juli\u00e1n \u00c1lvarez, Lautaro Mart\u00ednez y Valent\u00edn Castellanos.<\/p>\n","protected":false},"excerpt":{"rendered":"<p>Nicol\u00e1s Tagliafico y Leonardo Balerdi\u00a0fueron dados de baja por la\u00a0Selecci\u00f3n argentina\u00a0y no ser\u00e1n parte del plantel que jugar\u00e1n la doble<\/p>\n","protected":false},"author":1,"featured_media":17867,"comment_status":"closed","ping_status":"closed","sticky":false,"template":"","format":"standard","meta":{"footnotes":"","jetpack_publicize_message":"","jetpack_publicize_feature_enabled":true,"jetpack_social_post_already_shared":true,"jetpack_social_options":{"image_generator_settings":{"template":"highway","enabled":false},"version":2}},"categories":[9],"tags":[],"class_list":["post-17866","post","type-post","status-publish","format-standard","has-post-thumbnail","hentry","category-deportes"],"jetpack_publicize_connections":[],"_links":{"self":[{"href":"https:\/\/diariorepublica.com.ar\/web\/index.php\/wp-json\/wp\/v2\/posts\/17866"}],"collection":[{"href":"https:\/\/diariorepublica.com.ar\/web\/index.php\/wp-json\/wp\/v2\/posts"}],"about":[{"href":"https:\/\/diariorepublica.com.ar\/web\/index.php\/wp-json\/wp\/v2\/types\/post"}],"author":[{"embeddable":true,"href":"https:\/\/diariorepublica.com.ar\/web\/index.php\/wp-json\/wp\/v2\/users\/1"}],"replies":[{"embeddable":true,"href":"https:\/\/diariorepublica.com.ar\/web\/index.php\/wp-json\/wp\/v2\/comments?post=17866"}],"version-history":[{"count":1,"href":"https:\/\/diariorepublica.com.ar\/web\/index.php\/wp-json\/wp\/v2\/posts\/17866\/revisions"}],"predecessor-version":[{"id":17868,"href":"https:\/\/diariorepublica.com.ar\/web\/index.php\/wp-json\/wp\/v2\/posts\/17866\/revisions\/17868"}],"wp:featuredmedia":[{"embeddable":true,"href":"https:\/\/diariorepublica.com.ar\/web\/index.php\/wp-json\/wp\/v2\/media\/17867"}],"wp:attachment":[{"href":"https:\/\/diariorepublica.com.ar\/web\/index.php\/wp-json\/wp\/v2\/media?parent=17866"}],"wp:term":[{"taxonomy":"category","embeddable":true,"href":"https:\/\/diariorepublica.com.ar\/web\/index.php\/wp-json\/wp\/v2\/categories?post=17866"},{"taxonomy":"post_tag","embeddable":true,"href":"https:\/\/diariorepublica.com.ar\/web\/index.php\/wp-json\/wp\/v2\/tags?post=17866"}],"curies":[{"name":"wp","href":"https:\/\/api.w.org\/{rel}","templated":true}]}}