{"id":1789,"date":"2023-04-20T08:44:40","date_gmt":"2023-04-20T11:44:40","guid":{"rendered":"https:\/\/diariorepublica.com.ar\/web\/?p=1789"},"modified":"2023-04-20T08:44:41","modified_gmt":"2023-04-20T11:44:41","slug":"radicales-catamarquenos-participaron-de-reunion-del-comite-nacional-partidario","status":"publish","type":"post","link":"https:\/\/diariorepublica.com.ar\/web\/index.php\/politica\/2023\/04\/20\/radicales-catamarquenos-participaron-de-reunion-del-comite-nacional-partidario\/","title":{"rendered":"Radicales catamarque\u00f1os participaron de reuni\u00f3n del Comit\u00e9 Nacional partidario"},"content":{"rendered":"<p>El presidente de la Uni\u00f3n C\u00edvica Radical (UCR) de la provincia de Catamarca, Alfredo Marchioli, acudi\u00f3 a la convocatoria de la Mesa Directiva del Comit\u00e9 Nacional, presidido por Gerardo Morales. En la reuni\u00f3n se abord\u00f3 la delicada situaci\u00f3n econ\u00f3mica, social y sanitaria que atraviesa el pa\u00eds.<\/p>\n<p>\u00abLa inflaci\u00f3n y la pobreza golpean cada vez con mayor fuerza a todas las provincias y a sus ciudadanos, por ello se necesita un debate democr\u00e1tico y medidas urgentes que den respuesta a las demandas de la sociedad y promuevan su bienestar\u00bb manifest\u00f3 Marchioli subrayando asimismo su preocupaci\u00f3n por la cr\u00edtica situaci\u00f3n que viven muchas familias en Catamarca y en todo el pa\u00eds.<\/p>\n<p>En este sentido, destac\u00f3 la necesidad de trabajar en conjunto y encontrar soluciones que alivien la dificil realidad que estan atravesando muchos ciudadanos.<\/p>\n","protected":false},"excerpt":{"rendered":"<p>El presidente de la Uni\u00f3n C\u00edvica Radical (UCR) de la provincia de Catamarca, Alfredo Marchioli, acudi\u00f3 a la convocatoria de<\/p>\n","protected":false},"author":2,"featured_media":1790,"comment_status":"closed","ping_status":"closed","sticky":false,"template":"","format":"standard","meta":{"footnotes":"","jetpack_publicize_message":"","jetpack_publicize_feature_enabled":true,"jetpack_social_post_already_shared":false,"jetpack_social_options":{"image_generator_settings":{"template":"highway","enabled":false},"version":2}},"categories":[12],"tags":[],"class_list":["post-1789","post","type-post","status-publish","format-standard","has-post-thumbnail","hentry","category-politica"],"jetpack_publicize_connections":[],"_links":{"self":[{"href":"https:\/\/diariorepublica.com.ar\/web\/index.php\/wp-json\/wp\/v2\/posts\/1789"}],"collection":[{"href":"https:\/\/diariorepublica.com.ar\/web\/index.php\/wp-json\/wp\/v2\/posts"}],"about":[{"href":"https:\/\/diariorepublica.com.ar\/web\/index.php\/wp-json\/wp\/v2\/types\/post"}],"author":[{"embeddable":true,"href":"https:\/\/diariorepublica.com.ar\/web\/index.php\/wp-json\/wp\/v2\/users\/2"}],"replies":[{"embeddable":true,"href":"https:\/\/diariorepublica.com.ar\/web\/index.php\/wp-json\/wp\/v2\/comments?post=1789"}],"version-history":[{"count":1,"href":"https:\/\/diariorepublica.com.ar\/web\/index.php\/wp-json\/wp\/v2\/posts\/1789\/revisions"}],"predecessor-version":[{"id":1791,"href":"https:\/\/diariorepublica.com.ar\/web\/index.php\/wp-json\/wp\/v2\/posts\/1789\/revisions\/1791"}],"wp:featuredmedia":[{"embeddable":true,"href":"https:\/\/diariorepublica.com.ar\/web\/index.php\/wp-json\/wp\/v2\/media\/1790"}],"wp:attachment":[{"href":"https:\/\/diariorepublica.com.ar\/web\/index.php\/wp-json\/wp\/v2\/media?parent=1789"}],"wp:term":[{"taxonomy":"category","embeddable":true,"href":"https:\/\/diariorepublica.com.ar\/web\/index.php\/wp-json\/wp\/v2\/categories?post=1789"},{"taxonomy":"post_tag","embeddable":true,"href":"https:\/\/diariorepublica.com.ar\/web\/index.php\/wp-json\/wp\/v2\/tags?post=1789"}],"curies":[{"name":"wp","href":"https:\/\/api.w.org\/{rel}","templated":true}]}}