{"id":1793,"date":"2023-04-20T08:51:20","date_gmt":"2023-04-20T11:51:20","guid":{"rendered":"https:\/\/diariorepublica.com.ar\/web\/?p=1793"},"modified":"2023-04-20T08:51:21","modified_gmt":"2023-04-20T11:51:21","slug":"los-libertarios-son-gente-sensata-que-entiende-que-hay-que-conformar-un-gran-frente-opositor","status":"publish","type":"post","link":"https:\/\/diariorepublica.com.ar\/web\/index.php\/politica\/2023\/04\/20\/los-libertarios-son-gente-sensata-que-entiende-que-hay-que-conformar-un-gran-frente-opositor\/","title":{"rendered":"\u201cLos libertarios son gente sensata que entiende que hay que conformar un gran frente opositor\u201d"},"content":{"rendered":"<p>El presidente del PRO en Catamarca, Carlos Molina, en dialogo con FM REPUBLICA 103.1 dijo que la estructura del partido acompa\u00f1ar\u00e1 a cada uno de los candidatos a presidente en las PASO y elogi\u00f3 a los referentes catamarque\u00f1os del Partido Libertario, con quienes marc\u00f3 \u201cgrandes coincidencias\u201d, destacando que Javier Milei y sus seguidores captaron un sector de la sociedad importante.<\/p>\n<p>\u00abEn el equipo de los libertarios, tanto Javier Gal\u00e1n como Adri\u00e1n Brizuela y varios otros dirigentes que est\u00e1n, son gente sensata, que tienen su pensamiento, que lo defienden, pero que saben que en la provincia tiene que haber un gran frente opositor para poder tener una alternativa de cambio\u201d<\/p>\n<p>\u201cJuntos por el Cambio es una alianza amplia, con sectores del radicalismo, de la Coalici\u00f3n C\u00edvica, del PRO y por supuesto que hay sectores que no tienen una visi\u00f3n tan liberal como la de Javier Milei y marca su posici\u00f3n. Pero esa es la amplitud que tiene nuestro espacio. Donde coincidimos todos es que hay que incentivar much\u00edsimo la actividad privada y que hay que tener un pa\u00eds que sea una rep\u00fablica con divisi\u00f3n de poderes y una Justicia independiente para que todo funcione de una manera distinta\u201d.<\/p>\n","protected":false},"excerpt":{"rendered":"<p>El presidente del PRO en Catamarca, Carlos Molina, en dialogo con FM REPUBLICA 103.1 dijo que la estructura del partido<\/p>\n","protected":false},"author":2,"featured_media":1794,"comment_status":"closed","ping_status":"closed","sticky":false,"template":"","format":"standard","meta":{"footnotes":"","jetpack_publicize_message":"","jetpack_publicize_feature_enabled":true,"jetpack_social_post_already_shared":false,"jetpack_social_options":{"image_generator_settings":{"template":"highway","enabled":false},"version":2}},"categories":[12],"tags":[],"class_list":["post-1793","post","type-post","status-publish","format-standard","has-post-thumbnail","hentry","category-politica"],"jetpack_publicize_connections":[],"_links":{"self":[{"href":"https:\/\/diariorepublica.com.ar\/web\/index.php\/wp-json\/wp\/v2\/posts\/1793"}],"collection":[{"href":"https:\/\/diariorepublica.com.ar\/web\/index.php\/wp-json\/wp\/v2\/posts"}],"about":[{"href":"https:\/\/diariorepublica.com.ar\/web\/index.php\/wp-json\/wp\/v2\/types\/post"}],"author":[{"embeddable":true,"href":"https:\/\/diariorepublica.com.ar\/web\/index.php\/wp-json\/wp\/v2\/users\/2"}],"replies":[{"embeddable":true,"href":"https:\/\/diariorepublica.com.ar\/web\/index.php\/wp-json\/wp\/v2\/comments?post=1793"}],"version-history":[{"count":1,"href":"https:\/\/diariorepublica.com.ar\/web\/index.php\/wp-json\/wp\/v2\/posts\/1793\/revisions"}],"predecessor-version":[{"id":1795,"href":"https:\/\/diariorepublica.com.ar\/web\/index.php\/wp-json\/wp\/v2\/posts\/1793\/revisions\/1795"}],"wp:featuredmedia":[{"embeddable":true,"href":"https:\/\/diariorepublica.com.ar\/web\/index.php\/wp-json\/wp\/v2\/media\/1794"}],"wp:attachment":[{"href":"https:\/\/diariorepublica.com.ar\/web\/index.php\/wp-json\/wp\/v2\/media?parent=1793"}],"wp:term":[{"taxonomy":"category","embeddable":true,"href":"https:\/\/diariorepublica.com.ar\/web\/index.php\/wp-json\/wp\/v2\/categories?post=1793"},{"taxonomy":"post_tag","embeddable":true,"href":"https:\/\/diariorepublica.com.ar\/web\/index.php\/wp-json\/wp\/v2\/tags?post=1793"}],"curies":[{"name":"wp","href":"https:\/\/api.w.org\/{rel}","templated":true}]}}