{"id":17931,"date":"2024-08-31T13:07:00","date_gmt":"2024-08-31T16:07:00","guid":{"rendered":"https:\/\/diariorepublica.com.ar\/web\/?p=17931"},"modified":"2024-08-31T18:10:23","modified_gmt":"2024-08-31T21:10:23","slug":"boca-recibe-a-rosario-central","status":"publish","type":"post","link":"https:\/\/diariorepublica.com.ar\/web\/index.php\/deportes\/2024\/08\/31\/boca-recibe-a-rosario-central\/","title":{"rendered":"Boca recibe a Rosario Central"},"content":{"rendered":"<p>Boca enfrenta a Rosario Central, este s\u00e1bado a la partir de las 21, por la fecha 13 de la Liga Profesional. El Xeneize quiere mantener su invicto como local en el torneo y seguir subiendo posiciones en la tabla, mientras que el Canalla buscar\u00e1 acercarse a la cima.<\/p>\n<p>El encuentro contar\u00e1 con el arbitraje de Jorge Bali\u00f1o, en campo, y con el de Silvio Trucco, en el VAR, y se podr\u00e1 ver por la pantalla de ESPN Premium.<\/p>\n<p>El Xeneize quiere dejar atr\u00e1s dos malos resultados: la eliminaci\u00f3n ante Cruzeiro por los octavos de final de la Copa Sudamericana y el empate 1-1 ante Estudiantes en la fecha pasada.<\/p>\n<p>Para este partido, Diego Mart\u00ednez no podr\u00e1 contar con Milton Gim\u00e9nez, quien fue expulsado ante el Pincha, por lo que deber\u00e1 buscar un compa\u00f1ero de ataque para Miguel Merentiel. Cabe destacar que el DT tampoco tiene a Edinson Cavani, quien contin\u00faa recuper\u00e1ndose de su lesi\u00f3n muscular.<\/p>\n<p>Por su parte, el Canalla tambi\u00e9n viene de quedar en el camino en la Copa, donde cay\u00f3 ante Fortaleza. Sin embargo, en el \u00e1mbito local llega a este encuentro luego de vencer 1-0 a Atl\u00e9tico Tucum\u00e1n y con Mat\u00edas Lequi confirmado como el reemplazo de Miguel \u00c1ngel Russo como entrenador de la Academia.<\/p>\n<ul>\n<li><u>Hora<\/u>: 21.00<\/li>\n<li><u>TV<\/u>: ESPN Premium<\/li>\n<li><u>\u00c1rbitro<\/u>: Jorge Bali\u00f1o<\/li>\n<li><u>Estadio<\/u>: La Bombonera<\/li>\n<\/ul>\n","protected":false},"excerpt":{"rendered":"<p>Boca enfrenta a Rosario Central, este s\u00e1bado a la partir de las 21, por la fecha 13 de la Liga<\/p>\n","protected":false},"author":1,"featured_media":17932,"comment_status":"closed","ping_status":"closed","sticky":false,"template":"","format":"standard","meta":{"footnotes":"","jetpack_publicize_message":"","jetpack_publicize_feature_enabled":true,"jetpack_social_post_already_shared":true,"jetpack_social_options":{"image_generator_settings":{"template":"highway","enabled":false},"version":2}},"categories":[9],"tags":[],"class_list":["post-17931","post","type-post","status-publish","format-standard","has-post-thumbnail","hentry","category-deportes"],"jetpack_publicize_connections":[],"_links":{"self":[{"href":"https:\/\/diariorepublica.com.ar\/web\/index.php\/wp-json\/wp\/v2\/posts\/17931"}],"collection":[{"href":"https:\/\/diariorepublica.com.ar\/web\/index.php\/wp-json\/wp\/v2\/posts"}],"about":[{"href":"https:\/\/diariorepublica.com.ar\/web\/index.php\/wp-json\/wp\/v2\/types\/post"}],"author":[{"embeddable":true,"href":"https:\/\/diariorepublica.com.ar\/web\/index.php\/wp-json\/wp\/v2\/users\/1"}],"replies":[{"embeddable":true,"href":"https:\/\/diariorepublica.com.ar\/web\/index.php\/wp-json\/wp\/v2\/comments?post=17931"}],"version-history":[{"count":1,"href":"https:\/\/diariorepublica.com.ar\/web\/index.php\/wp-json\/wp\/v2\/posts\/17931\/revisions"}],"predecessor-version":[{"id":17933,"href":"https:\/\/diariorepublica.com.ar\/web\/index.php\/wp-json\/wp\/v2\/posts\/17931\/revisions\/17933"}],"wp:featuredmedia":[{"embeddable":true,"href":"https:\/\/diariorepublica.com.ar\/web\/index.php\/wp-json\/wp\/v2\/media\/17932"}],"wp:attachment":[{"href":"https:\/\/diariorepublica.com.ar\/web\/index.php\/wp-json\/wp\/v2\/media?parent=17931"}],"wp:term":[{"taxonomy":"category","embeddable":true,"href":"https:\/\/diariorepublica.com.ar\/web\/index.php\/wp-json\/wp\/v2\/categories?post=17931"},{"taxonomy":"post_tag","embeddable":true,"href":"https:\/\/diariorepublica.com.ar\/web\/index.php\/wp-json\/wp\/v2\/tags?post=17931"}],"curies":[{"name":"wp","href":"https:\/\/api.w.org\/{rel}","templated":true}]}}