{"id":17937,"date":"2024-08-31T14:11:00","date_gmt":"2024-08-31T17:11:00","guid":{"rendered":"https:\/\/diariorepublica.com.ar\/web\/?p=17937"},"modified":"2024-08-31T18:12:59","modified_gmt":"2024-08-31T21:12:59","slug":"franco-colapinto-largara-desde-la-18a-posicion-en-el-gran-premio-de-italia","status":"publish","type":"post","link":"https:\/\/diariorepublica.com.ar\/web\/index.php\/deportes\/2024\/08\/31\/franco-colapinto-largara-desde-la-18a-posicion-en-el-gran-premio-de-italia\/","title":{"rendered":"Franco Colapinto largar\u00e1 desde la 18\u00aa posici\u00f3n en el Gran Premio de Italia"},"content":{"rendered":"<article id=\"article-post\" class=\"first\">\n<div class=\"cuerpo\" data-twitter-link=\"https:\/\/twitter.com\/intent\/tweet?url=https:\/\/www.diariopopular.com.ar\/c803617&amp;via=poopulardiario&amp;related=Popular&amp;text=\">\n<p>El piloto\u00a0<strong>Franco Colapinto largar\u00e1 en la decimoctava posici\u00f3n en el Gran Premio de Italia<\/strong>, que marcar\u00e1 su debut en la F\u00f3rmula 1. A bordo de un Williams, el argentino\u00a0<strong>termin\u00f3 en ese puesto en la Qualy 1<\/strong>\u00a0y no pudo seguir avanzando en el circuito de Monza.<\/p>\n<\/div>\n<\/article>\n<article id=\"article-post\">\n<div class=\"cuerpo\" data-twitter-link=\"https:\/\/twitter.com\/intent\/tweet?url=https:\/\/www.diariopopular.com.ar\/c803617&amp;via=poopulardiario&amp;related=Popular&amp;text=\">\n<p>En su \u00faltimo intento para entrar a la Qualy 2,\u00a0<strong>Colapinto sufri\u00f3 un despiste en el sector 2 que catapult\u00f3 sus posibilidades de largar en una mejor posici\u00f3n<\/strong>\u00a0en la carrera de este domingo.\u00a0<strong>Su tiempo en la Qualy 1 fue de 1:21.061<\/strong>\u00a0y estuvo a 160 mil\u00e9simas del \u00faltimo clasificado, el australiano<strong>\u00a0Daniel Ricciardo<\/strong>, por lo que partir\u00e1 en la pen\u00faltima fila.<\/p>\n<p><strong>\u201cNo estoy contento con el resultado final porque s\u00e9 que ten\u00edamos para m\u00e1s y comet\u00ed un error en la \u00faltima vuelta que me cost\u00f3 pasar a la Q2\u201d<\/strong>, expres\u00f3 Colapinto. \u201cEs una pena porque estaba en un buen ritmo, cerca de Alex (Albon). Sent\u00eda que hab\u00eda potencial y me queda un poco de sabor amargo por eso\u201d, agreg\u00f3 tras reconocer: \u201cTengo muy pocas vueltas en un F1 y voy progresando de a poco\u201d.<\/p>\n<p>Colapinto no pudo repetir lo hecho en la pr\u00e1ctica libre 3 que se llev\u00f3 a cabo esta ma\u00f1ana y en la que\u00a0<strong>hab\u00eda terminado con una sorprendente novena posici\u00f3n<\/strong>, con un tiempo de 1:20,905, a s\u00f3lo 788 mil\u00e9simas del brit\u00e1nico y siete veces campe\u00f3n del F\u00f3rmula 1, Lewis Hamilton, que lider\u00f3 dicha prueba.<\/p>\n<div id=\"embed6123_wrap\" class=\"embed_cont type_freetext\" contenteditable=\"false\" data-provider=\"Twitter\">\n<div id=\"embed6123_content\" class=\"embed_content\">\n<div id=\"embed6123_embed\">\n<div class=\"twitter-tweet twitter-tweet-rendered\"><iframe id=\"twitter-widget-0\" class=\"\" title=\"X Post\" src=\"https:\/\/platform.twitter.com\/embed\/Tweet.html?creatorScreenName=diariopopular&amp;dnt=false&amp;embedId=twitter-widget-0&amp;features=eyJ0ZndfdGltZWxpbmVfbGlzdCI6eyJidWNrZXQiOltdLCJ2ZXJzaW9uIjpudWxsfSwidGZ3X2ZvbGxvd2VyX2NvdW50X3N1bnNldCI6eyJidWNrZXQiOnRydWUsInZlcnNpb24iOm51bGx9LCJ0ZndfdHdlZXRfZWRpdF9iYWNrZW5kIjp7ImJ1Y2tldCI6Im9uIiwidmVyc2lvbiI6bnVsbH0sInRmd19yZWZzcmNfc2Vzc2lvbiI6eyJidWNrZXQiOiJvbiIsInZlcnNpb24iOm51bGx9LCJ0ZndfZm9zbnJfc29mdF9pbnRlcnZlbnRpb25zX2VuYWJsZWQiOnsiYnVja2V0Ijoib24iLCJ2ZXJzaW9uIjpudWxsfSwidGZ3X21peGVkX21lZGlhXzE1ODk3Ijp7ImJ1Y2tldCI6InRyZWF0bWVudCIsInZlcnNpb24iOm51bGx9LCJ0ZndfZXhwZXJpbWVudHNfY29va2llX2V4cGlyYXRpb24iOnsiYnVja2V0IjoxMjA5NjAwLCJ2ZXJzaW9uIjpudWxsfSwidGZ3X3Nob3dfYmlyZHdhdGNoX3Bpdm90c19lbmFibGVkIjp7ImJ1Y2tldCI6Im9uIiwidmVyc2lvbiI6bnVsbH0sInRmd19kdXBsaWNhdGVfc2NyaWJlc190b19zZXR0aW5ncyI6eyJidWNrZXQiOiJvbiIsInZlcnNpb24iOm51bGx9LCJ0ZndfdXNlX3Byb2ZpbGVfaW1hZ2Vfc2hhcGVfZW5hYmxlZCI6eyJidWNrZXQiOiJvbiIsInZlcnNpb24iOm51bGx9LCJ0ZndfdmlkZW9faGxzX2R5bmFtaWNfbWFuaWZlc3RzXzE1MDgyIjp7ImJ1Y2tldCI6InRydWVfYml0cmF0ZSIsInZlcnNpb24iOm51bGx9LCJ0ZndfbGVnYWN5X3RpbWVsaW5lX3N1bnNldCI6eyJidWNrZXQiOnRydWUsInZlcnNpb24iOm51bGx9LCJ0ZndfdHdlZXRfZWRpdF9mcm9udGVuZCI6eyJidWNrZXQiOiJvbiIsInZlcnNpb24iOm51bGx9fQ%3D%3D&amp;frame=false&amp;hideCard=false&amp;hideThread=false&amp;id=1829891845121327415&amp;lang=en&amp;origin=https%3A%2F%2Fwww.diariopopular.com.ar%2Fdeportes%2Ffranco-colapinto-largara-la-18-posicion-el-gran-premio-italia-n803617&amp;sessionId=aab9907302d005d65d78cece96638ad732fd51ec&amp;siteScreenName=diariopopular&amp;theme=light&amp;widgetsVersion=2615f7e52b7e0%3A1702314776716&amp;width=550px\" frameborder=\"0\" scrolling=\"no\" allowfullscreen=\"allowfullscreen\" data-gtm-yt-inspected-11=\"true\" data-tweet-id=\"1829891845121327415\" data-mce-fragment=\"1\"><\/iframe><\/div>\n<\/div>\n<\/div>\n<div id=\"embed6123_epigrafe\" class=\"embed_epigrafe\"><\/div>\n<div id=\"embed6123_copyright\" class=\"embed_copyright\"><\/div>\n<\/div>\n<p>En su salida a pista para cumplir con la \u00faltima prueba antes de la clasificaci\u00f3n,\u00a0<strong>Colapinto tuvo un peque\u00f1o susto al no tomar bien una de las zonas m\u00e1s traicioneras del circuito<\/strong>: la segunda curva de Lesmo, donde en la primera jornada Kevin Magnusse sufri\u00f3 un despiste que lo dej\u00f3 fuera. El pilarense consigui\u00f3 un tiempo de 1:22.129 y regres\u00f3 a los boxes para ajustar una serie de detalles.<\/p>\n<p>Al volver a la pista para su segunda salida,\u00a0<strong>Colapinto fue un poco m\u00e1s r\u00e1pido y marc\u00f3 1:21.713<\/strong>, su mejor tiempo desde que subi\u00f3 por primera vez al n\u00famero 43 de Williams. Tambi\u00e9n hubo lugar para ensayar entradas y salidas de boxes.\u00a0<strong>Y la \u00faltima performance fue mejor a\u00fan, con una marca de 1:20.905<\/strong>, que en ese momento lo posicion\u00f3 entre los ocho mejores. Finalmente, el argentino qued\u00f3 en el noveno lugar.<\/p>\n<p>Las pr\u00e1cticas dejaron una buena actuaci\u00f3n de los Mercedes, que\u00a0<strong>dominaron de la mano de Lewis Hamilton y George Russell<\/strong>. El tercer lugar fue para\u00a0<strong>Charles Leclerc<\/strong>, con Ferrari. Detr\u00e1s se ubicaron\u00a0<strong>Oscar Piastri y Lando Norris<\/strong>, ambos con McLaren.<\/p>\n<p>El viernes,\u00a0<strong>Colapinto hab\u00eda finalizado decimos\u00e9ptima en sus dos primeras pr\u00e1cticas libres de la F\u00f3rmula 1<\/strong>. Pocos minutos despu\u00e9s de arrancar, se vio obligado a volver a pit lane luego de una bandera roja tras el choque contra un muro de\u00a0<strong>Kimi Antonelli a bordo del Mercedes de Russell<\/strong>\u00a0y, afortunadamente, el piloto italiano sali\u00f3 ileso.<\/p>\n<p>El argentino lleg\u00f3 a quedar entre los mejores diez en el entrenamiento al posicionarse s\u00e9ptimo. Posteriormente, fue superado por alguno de los otros pilotos y termin\u00f3 bajando su lugar en la parrilla hasta quedar en el decimos\u00e9ptimo puesto de la tabla,\u00a0<strong>a 1.204 segundos del neerland\u00e9s Max Verstappen y a 0.660 segundos de su compa\u00f1ero Alex Albon<\/strong>, quien finaliz\u00f3 en el octavo puesto.<\/p>\n<p>En la segunda tanda, Colapinto mejor\u00f3 los errores que tuvo en el primer entrenamiento y\u00a0<strong>maniobr\u00f3 con m\u00e1s soltura el Williams<\/strong>.<\/p>\n<p>A pesar de que termin\u00f3 en la misma posici\u00f3n (17) y a m\u00e1s de un segundo del l\u00edder, que fue Hamilton,\u00a0<strong>su marca fue de 1:21.784 -mejor que en la pr\u00e1ctica anterior- y dej\u00f3 satisfechos a los miembros de su escuder\u00eda<\/strong>.<\/p>\n<\/div>\n<\/article>\n","protected":false},"excerpt":{"rendered":"<p>El piloto\u00a0Franco Colapinto largar\u00e1 en la decimoctava posici\u00f3n en el Gran Premio de Italia, que marcar\u00e1 su debut en la<\/p>\n","protected":false},"author":1,"featured_media":17938,"comment_status":"closed","ping_status":"closed","sticky":false,"template":"","format":"standard","meta":{"footnotes":"","jetpack_publicize_message":"","jetpack_publicize_feature_enabled":true,"jetpack_social_post_already_shared":true,"jetpack_social_options":{"image_generator_settings":{"template":"highway","enabled":false},"version":2}},"categories":[9],"tags":[],"class_list":["post-17937","post","type-post","status-publish","format-standard","has-post-thumbnail","hentry","category-deportes"],"jetpack_publicize_connections":[],"_links":{"self":[{"href":"https:\/\/diariorepublica.com.ar\/web\/index.php\/wp-json\/wp\/v2\/posts\/17937"}],"collection":[{"href":"https:\/\/diariorepublica.com.ar\/web\/index.php\/wp-json\/wp\/v2\/posts"}],"about":[{"href":"https:\/\/diariorepublica.com.ar\/web\/index.php\/wp-json\/wp\/v2\/types\/post"}],"author":[{"embeddable":true,"href":"https:\/\/diariorepublica.com.ar\/web\/index.php\/wp-json\/wp\/v2\/users\/1"}],"replies":[{"embeddable":true,"href":"https:\/\/diariorepublica.com.ar\/web\/index.php\/wp-json\/wp\/v2\/comments?post=17937"}],"version-history":[{"count":1,"href":"https:\/\/diariorepublica.com.ar\/web\/index.php\/wp-json\/wp\/v2\/posts\/17937\/revisions"}],"predecessor-version":[{"id":17939,"href":"https:\/\/diariorepublica.com.ar\/web\/index.php\/wp-json\/wp\/v2\/posts\/17937\/revisions\/17939"}],"wp:featuredmedia":[{"embeddable":true,"href":"https:\/\/diariorepublica.com.ar\/web\/index.php\/wp-json\/wp\/v2\/media\/17938"}],"wp:attachment":[{"href":"https:\/\/diariorepublica.com.ar\/web\/index.php\/wp-json\/wp\/v2\/media?parent=17937"}],"wp:term":[{"taxonomy":"category","embeddable":true,"href":"https:\/\/diariorepublica.com.ar\/web\/index.php\/wp-json\/wp\/v2\/categories?post=17937"},{"taxonomy":"post_tag","embeddable":true,"href":"https:\/\/diariorepublica.com.ar\/web\/index.php\/wp-json\/wp\/v2\/tags?post=17937"}],"curies":[{"name":"wp","href":"https:\/\/api.w.org\/{rel}","templated":true}]}}