{"id":17943,"date":"2024-08-31T17:45:00","date_gmt":"2024-08-31T20:45:00","guid":{"rendered":"https:\/\/diariorepublica.com.ar\/web\/?p=17943"},"modified":"2024-08-31T18:15:34","modified_gmt":"2024-08-31T21:15:34","slug":"primer-oro-para-argentina-en-los-juegos-paralimpicos-inaki-basiloff-se-quedo-con-los-200-metros-combinados","status":"publish","type":"post","link":"https:\/\/diariorepublica.com.ar\/web\/index.php\/deportes\/2024\/08\/31\/primer-oro-para-argentina-en-los-juegos-paralimpicos-inaki-basiloff-se-quedo-con-los-200-metros-combinados\/","title":{"rendered":"Primer oro para Argentina en los Juegos Paral\u00edmpicos: I\u00f1aki Basiloff se qued\u00f3 con los 200 metros combinados"},"content":{"rendered":"<p>El neuquino I\u00f1aki Basiloff gan\u00f3 la medalla de oro en los 200 metros combinados SM7 de los Juegos Paral\u00edmpicos de Par\u00eds 2024. Con una impresionante remontada, le dio a la Argentina su primera conquista m\u00e1xima en el certamen.<\/p>\n<p>El viernes, Antonella Ruiz D\u00edaz en la categor\u00eda F41 de lanzamiento de bala, y Juan Samorano en la categor\u00eda K44 de hasta 70 kilos de parataekwondo, consiguieron medallas de bronce en territorio franc\u00e9s.<\/p>\n<article class=\"article-body article-body--third-paragraph content-protected-false\">Con un tiempo de<strong>\u00a02m29s81<\/strong>, Basiloff super\u00f3 a\u00a0<strong>Andrii Trusov<\/strong>\u00a0-quien ostenta el r\u00e9cord mundial- y a\u00a0<strong>Yevhenii Bohodaiko<\/strong>, ambos ucranianos. De esta manera, se tom\u00f3 revancha del cuarto puesto que obtuvo en Tokio 2020.<\/p>\n<\/article>\n<article class=\"article-body article-body--fourth-paragraph content-protected-false\">Luego de la premiaci\u00f3n, el neuquino declar\u00f3: \u00ab<strong>Me sent\u00ed muy c\u00f3modo en el cierre.<\/strong>\u00a0Poder ver al resto y acercarme me dio energ\u00eda para terminar m\u00e1s r\u00e1pido\u00bb, a ParaDeportes. El nadador de 23 a\u00f1os realiz\u00f3 una remontada con un\u00a0<em>sprint<\/em>\u00a0final, que sin duda quedar\u00e1 entre lo m\u00e1s destacado del evento deportivo.<\/p>\n<\/article>\n<article class=\"article-body article-body--remaining-paragraph content-protected-false\">\n<div id=\"embed5031_wrap\" class=\"embed_cont type_freetext\" contenteditable=\"false\" data-provider=\"Twitter\">\n<div id=\"embed5031_content\" class=\"embed_content\">\n<div id=\"embed5031_embed\">\n<div class=\"twitter-tweet twitter-tweet-rendered\"><iframe id=\"twitter-widget-0\" class=\"\" title=\"X Post\" src=\"https:\/\/platform.twitter.com\/embed\/Tweet.html?creatorScreenName=Ambitocom&amp;dnt=false&amp;embedId=twitter-widget-0&amp;features=eyJ0ZndfdGltZWxpbmVfbGlzdCI6eyJidWNrZXQiOltdLCJ2ZXJzaW9uIjpudWxsfSwidGZ3X2ZvbGxvd2VyX2NvdW50X3N1bnNldCI6eyJidWNrZXQiOnRydWUsInZlcnNpb24iOm51bGx9LCJ0ZndfdHdlZXRfZWRpdF9iYWNrZW5kIjp7ImJ1Y2tldCI6Im9uIiwidmVyc2lvbiI6bnVsbH0sInRmd19yZWZzcmNfc2Vzc2lvbiI6eyJidWNrZXQiOiJvbiIsInZlcnNpb24iOm51bGx9LCJ0ZndfZm9zbnJfc29mdF9pbnRlcnZlbnRpb25zX2VuYWJsZWQiOnsiYnVja2V0Ijoib24iLCJ2ZXJzaW9uIjpudWxsfSwidGZ3X21peGVkX21lZGlhXzE1ODk3Ijp7ImJ1Y2tldCI6InRyZWF0bWVudCIsInZlcnNpb24iOm51bGx9LCJ0ZndfZXhwZXJpbWVudHNfY29va2llX2V4cGlyYXRpb24iOnsiYnVja2V0IjoxMjA5NjAwLCJ2ZXJzaW9uIjpudWxsfSwidGZ3X3Nob3dfYmlyZHdhdGNoX3Bpdm90c19lbmFibGVkIjp7ImJ1Y2tldCI6Im9uIiwidmVyc2lvbiI6bnVsbH0sInRmd19kdXBsaWNhdGVfc2NyaWJlc190b19zZXR0aW5ncyI6eyJidWNrZXQiOiJvbiIsInZlcnNpb24iOm51bGx9LCJ0ZndfdXNlX3Byb2ZpbGVfaW1hZ2Vfc2hhcGVfZW5hYmxlZCI6eyJidWNrZXQiOiJvbiIsInZlcnNpb24iOm51bGx9LCJ0ZndfdmlkZW9faGxzX2R5bmFtaWNfbWFuaWZlc3RzXzE1MDgyIjp7ImJ1Y2tldCI6InRydWVfYml0cmF0ZSIsInZlcnNpb24iOm51bGx9LCJ0ZndfbGVnYWN5X3RpbWVsaW5lX3N1bnNldCI6eyJidWNrZXQiOnRydWUsInZlcnNpb24iOm51bGx9LCJ0ZndfdHdlZXRfZWRpdF9mcm9udGVuZCI6eyJidWNrZXQiOiJvbiIsInZlcnNpb24iOm51bGx9fQ%3D%3D&amp;frame=false&amp;hideCard=false&amp;hideThread=false&amp;id=1829947005881225368&amp;lang=es&amp;origin=https%3A%2F%2Fwww.ambito.com%2Fdeportes%2Fprimer-oro-argentina-los-juegos-paralimpicos-inaki-basiloff-se-quedo-los-200-metros-combinados-n6054954&amp;sessionId=6ab9b2d1915ed5e2ff33fbc9427c459bc297f66e&amp;siteScreenName=Ambitocom&amp;theme=light&amp;widgetsVersion=2615f7e52b7e0%3A1702314776716&amp;width=550px\" frameborder=\"0\" scrolling=\"no\" allowfullscreen=\"allowfullscreen\" data-tweet-id=\"1829947005881225368\" data-mce-fragment=\"1\"><\/iframe><\/div>\n<\/div>\n<\/div>\n<\/div>\n<h2><\/h2>\n<\/article>\n","protected":false},"excerpt":{"rendered":"<p>El neuquino I\u00f1aki Basiloff gan\u00f3 la medalla de oro en los 200 metros combinados SM7 de los Juegos Paral\u00edmpicos de<\/p>\n","protected":false},"author":1,"featured_media":17944,"comment_status":"closed","ping_status":"closed","sticky":false,"template":"","format":"standard","meta":{"footnotes":"","jetpack_publicize_message":"","jetpack_publicize_feature_enabled":true,"jetpack_social_post_already_shared":true,"jetpack_social_options":{"image_generator_settings":{"template":"highway","enabled":false},"version":2}},"categories":[9],"tags":[],"class_list":["post-17943","post","type-post","status-publish","format-standard","has-post-thumbnail","hentry","category-deportes"],"jetpack_publicize_connections":[],"_links":{"self":[{"href":"https:\/\/diariorepublica.com.ar\/web\/index.php\/wp-json\/wp\/v2\/posts\/17943"}],"collection":[{"href":"https:\/\/diariorepublica.com.ar\/web\/index.php\/wp-json\/wp\/v2\/posts"}],"about":[{"href":"https:\/\/diariorepublica.com.ar\/web\/index.php\/wp-json\/wp\/v2\/types\/post"}],"author":[{"embeddable":true,"href":"https:\/\/diariorepublica.com.ar\/web\/index.php\/wp-json\/wp\/v2\/users\/1"}],"replies":[{"embeddable":true,"href":"https:\/\/diariorepublica.com.ar\/web\/index.php\/wp-json\/wp\/v2\/comments?post=17943"}],"version-history":[{"count":1,"href":"https:\/\/diariorepublica.com.ar\/web\/index.php\/wp-json\/wp\/v2\/posts\/17943\/revisions"}],"predecessor-version":[{"id":17945,"href":"https:\/\/diariorepublica.com.ar\/web\/index.php\/wp-json\/wp\/v2\/posts\/17943\/revisions\/17945"}],"wp:featuredmedia":[{"embeddable":true,"href":"https:\/\/diariorepublica.com.ar\/web\/index.php\/wp-json\/wp\/v2\/media\/17944"}],"wp:attachment":[{"href":"https:\/\/diariorepublica.com.ar\/web\/index.php\/wp-json\/wp\/v2\/media?parent=17943"}],"wp:term":[{"taxonomy":"category","embeddable":true,"href":"https:\/\/diariorepublica.com.ar\/web\/index.php\/wp-json\/wp\/v2\/categories?post=17943"},{"taxonomy":"post_tag","embeddable":true,"href":"https:\/\/diariorepublica.com.ar\/web\/index.php\/wp-json\/wp\/v2\/tags?post=17943"}],"curies":[{"name":"wp","href":"https:\/\/api.w.org\/{rel}","templated":true}]}}