{"id":17949,"date":"2024-09-01T16:16:00","date_gmt":"2024-09-01T19:16:00","guid":{"rendered":"https:\/\/diariorepublica.com.ar\/web\/?p=17949"},"modified":"2024-09-02T07:17:06","modified_gmt":"2024-09-02T10:17:06","slug":"el-encuentro-comic-y-manga-convoco-una-importante-cantidad-de-jovenes","status":"publish","type":"post","link":"https:\/\/diariorepublica.com.ar\/web\/index.php\/locales\/2024\/09\/01\/el-encuentro-comic-y-manga-convoco-una-importante-cantidad-de-jovenes\/","title":{"rendered":"El encuentro Comic y Manga convoc\u00f3 una importante cantidad de j\u00f3venes"},"content":{"rendered":"<p>Este s\u00e1bado, ante una importante cantidad de p\u00fablico joven y con la presencia del vicegobernador Rub\u00e9n Dusso, se llev\u00f3 a cabo la esperada segunda edici\u00f3n del evento de Comic y Manga en el Urbano Girardi, organizado por el equipo de la Vicegobernaci\u00f3n, en colaboraci\u00f3n con el Ministerio de Ciencia e Innovaci\u00f3n Tecnol\u00f3gica y la Municipalidad de la Capital.<\/p>\n<p>Durante el evento se presentaron los ganadores del concurso de dibujo en el que se particip\u00f3 de manera abierta durante las pasadas semanas, con env\u00edos de obras desde distintos puntos de la ciudad y la provincia. Los dibujos ganadores fueron as\u00ed, los pertenecientes a:<\/p>\n<p>Categor\u00eda Juvenil:<br \/>\n1\u00b0) Cruz Mendoza, Axel Gabriel<br \/>\n2\u00b0) Guzm\u00e1n, Josefina<\/p>\n<p>Menci\u00f3n Especial:<br \/>\n&#8211; Doria, Ludmila Martina<br \/>\n&#8211; Diaz, Ana<\/p>\n<p>Categor\u00eda Kids:<br \/>\n1\u00b0) Brizuela Figueroa, Sarai Bel\u00e9n<br \/>\n2\u00b0) C\u00f3rdoba, Francisco Mat\u00edas<\/p>\n<p>Cabe recordar que, como primera instancia del concurso, se llev\u00f3 a cabo en el mes de mayo pasado el taller \u201cCrea tu personaje\u201d, a cargo del ilustrador Franco Carrizo Orellana, sobre dibujo y creaci\u00f3n de personajes, dictado en la Biblioteca del Senado.<\/p>\n<p>El vicegobernador Dusso, agradeciendo la convocatoria y la participaci\u00f3n, expres\u00f3 a las y los presentes: \u201cPara obtener resultados diferentes hay que proponerse a hacer cosas diferentes. Vamos a seguir trabajando para que m\u00e1s chicos dibujen, y para que m\u00e1s emprendedores hagan lo que les gusta. Entonces, vamos a seguir generando m\u00e1s posibilidades para que haya m\u00e1s talento que se pueda expresar y que sea una Catamarca grande y un pueblo feliz\u201d.<\/p>\n<p>En la misma jornada, que estuvo organizada por el \u00e1rea de Biblioteca del Senado, a cargo de Cintia Oros, y que cont\u00f3 con la colaboraci\u00f3n de la Subsecretar\u00eda de Coordinaci\u00f3n y T\u00e9cnica, dependiente de Julio Macedo, el \u00e1rea de Juventud, a cargo de Mariano Salas, y la subsecretaria Administrativa, Alina Chaile, se llev\u00f3 tambi\u00e9n adelante tambi\u00e9n un concurso de cosplay, que cont\u00f3 con la presencia de destacados cosplayers jurados, incluyendo a Julieta de La Rioja, Venusaki, Bandirash y Loly Tapia de Catamarca.<\/p>\n<p>Adem\u00e1s, el p\u00fablico pudo disfrutar tanto de m\u00fasica en vivo a cargo de bandas y solistas como Ecos del Valle Rock, Brutal Rock, Vanelliy Anime Covers, Daniel Polti y Andr\u00e9s Olarte, como de una batalla de trap con invitados especiales.<\/p>\n<p>Los asistentes tambi\u00e9n pudieron disfrutar de diversas actividades de baile con San Roque Folk, \u00abDe Pura Cepa\u00bb, el Taller de Danzas \u00c1rabes del Centro Vecinal Antinaco y la escuela de baile Dancing LM.<\/p>\n<p>Adem\u00e1s, se ofrecieron talleres y charlas a cargo de reconocidos expertos como Roxana Amaya (Origami), Franco Carrizo, Cristian Medina, Jos\u00e9 Arevalo con su presentaci\u00f3n \u00abSolo para Friquis\u00bb y Defcon Juegos.<\/p>\n<p>Quienes asistieron tuvieron tambi\u00e9n la oportunidad de visitar una feria diversa con propuestas para llevarse un original recuerdo de este encuentro.<\/p>\n","protected":false},"excerpt":{"rendered":"<p>Este s\u00e1bado, ante una importante cantidad de p\u00fablico joven y con la presencia del vicegobernador Rub\u00e9n Dusso, se llev\u00f3 a<\/p>\n","protected":false},"author":1,"featured_media":17950,"comment_status":"closed","ping_status":"closed","sticky":false,"template":"","format":"standard","meta":{"footnotes":"","jetpack_publicize_message":"","jetpack_publicize_feature_enabled":true,"jetpack_social_post_already_shared":true,"jetpack_social_options":{"image_generator_settings":{"template":"highway","enabled":false},"version":2}},"categories":[2],"tags":[],"class_list":["post-17949","post","type-post","status-publish","format-standard","has-post-thumbnail","hentry","category-locales"],"jetpack_publicize_connections":[],"_links":{"self":[{"href":"https:\/\/diariorepublica.com.ar\/web\/index.php\/wp-json\/wp\/v2\/posts\/17949"}],"collection":[{"href":"https:\/\/diariorepublica.com.ar\/web\/index.php\/wp-json\/wp\/v2\/posts"}],"about":[{"href":"https:\/\/diariorepublica.com.ar\/web\/index.php\/wp-json\/wp\/v2\/types\/post"}],"author":[{"embeddable":true,"href":"https:\/\/diariorepublica.com.ar\/web\/index.php\/wp-json\/wp\/v2\/users\/1"}],"replies":[{"embeddable":true,"href":"https:\/\/diariorepublica.com.ar\/web\/index.php\/wp-json\/wp\/v2\/comments?post=17949"}],"version-history":[{"count":2,"href":"https:\/\/diariorepublica.com.ar\/web\/index.php\/wp-json\/wp\/v2\/posts\/17949\/revisions"}],"predecessor-version":[{"id":17952,"href":"https:\/\/diariorepublica.com.ar\/web\/index.php\/wp-json\/wp\/v2\/posts\/17949\/revisions\/17952"}],"wp:featuredmedia":[{"embeddable":true,"href":"https:\/\/diariorepublica.com.ar\/web\/index.php\/wp-json\/wp\/v2\/media\/17950"}],"wp:attachment":[{"href":"https:\/\/diariorepublica.com.ar\/web\/index.php\/wp-json\/wp\/v2\/media?parent=17949"}],"wp:term":[{"taxonomy":"category","embeddable":true,"href":"https:\/\/diariorepublica.com.ar\/web\/index.php\/wp-json\/wp\/v2\/categories?post=17949"},{"taxonomy":"post_tag","embeddable":true,"href":"https:\/\/diariorepublica.com.ar\/web\/index.php\/wp-json\/wp\/v2\/tags?post=17949"}],"curies":[{"name":"wp","href":"https:\/\/api.w.org\/{rel}","templated":true}]}}