{"id":17989,"date":"2024-09-02T15:34:00","date_gmt":"2024-09-02T18:34:00","guid":{"rendered":"https:\/\/diariorepublica.com.ar\/web\/?p=17989"},"modified":"2024-09-02T10:35:37","modified_gmt":"2024-09-02T13:35:37","slug":"boca-pierde-a-merentiel-saracchi-y-advincula-para-jugar-ante-talleres","status":"publish","type":"post","link":"https:\/\/diariorepublica.com.ar\/web\/index.php\/deportes\/2024\/09\/02\/boca-pierde-a-merentiel-saracchi-y-advincula-para-jugar-ante-talleres\/","title":{"rendered":"Boca pierde a Merentiel, Saracchi y Adv\u00edncula para jugar ante Talleres"},"content":{"rendered":"<article id=\"article-post\" class=\"first\">\n<div class=\"cuerpo\" data-twitter-link=\"https:\/\/twitter.com\/intent\/tweet?url=https:\/\/www.diariopopular.com.ar\/c803871&amp;via=poopulardiario&amp;related=Popular&amp;text=\">\n<p><strong>Boca no podr\u00e1 contar para el decisivo partido por Copa Argentina ante Talleres de C\u00f3rdoba con los uruguayos Miguel Merentiel y Marcelo Saracchi, y el peruano Luis Adv\u00edncula<\/strong>, ya que los tres fueron convocados por sus respectivas selecciones para jugar la doble fecha de Eliminatorias Sudamericanas para el Mundial de Estados Unidos, Canad\u00e1 y M\u00e9xico 2026.<\/p>\n<\/div>\n<\/article>\n<article id=\"article-post\">\n<div class=\"cuerpo\" data-twitter-link=\"https:\/\/twitter.com\/intent\/tweet?url=https:\/\/www.diariopopular.com.ar\/c803871&amp;via=poopulardiario&amp;related=Popular&amp;text=\">\n<p><strong>Boca enfrentar\u00e1 a Talleres el pr\u00f3ximo s\u00e1bado<\/strong>, a las 20, en el estadio Malvinas Argentinas de Mendoza por los\u00a0<strong>octavos de final de la Copa Argentina.<\/strong><\/p>\n<p>Uruguay jugar\u00e1 frente a Paraguay el viernes, mientras que Per\u00fa se medir\u00e1 con Colombia, por la s\u00e9ptima fecha FIFA.<\/p>\n<p>Adem\u00e1s del goleador Merentiel y los defensores Saracchi y Adv\u00edncula,\u00a0<strong>est\u00e1 la inc\u00f3gnita sobre la participaci\u00f3n ante el equipo cordob\u00e9s del arquero titular, Sergio \u00abChiquito\u00bb Romero<\/strong>, que se retir\u00f3 lesionado el s\u00e1bado pasado en el partido donde\u00a0Boca le gan\u00f3 a Rosario Central por 2 a 1 en la Liga Profesional.<\/p>\n<p>Romero fue a interceptar un centro rasante del colombiano Jaminton Campaz y choc\u00f3 con los pies del delantero Enzo Copetti, por lo que minutos despu\u00e9s pidi\u00f3 el cambio por un fuerte dolor en el hombro derecho que le imped\u00eda continuar en el partido.<\/p>\n<p>All\u00ed lo reemplaz\u00f3 Leandro Brey y se esperan para hoy los resultados de sus estudios m\u00e9dicos.<\/p>\n<p><strong>En la pr\u00e1ctica de este lunes, que se realizar\u00e1 en el predio de Ezeiza, el entrenador Diego Mart\u00ednez comenzar\u00e1 a definir el equipo<\/strong>\u00a0y se estima que en reemplazo de Adv\u00edncula jugar\u00e1 el recientemente adquirido a Belgrano de C\u00f3rdoba, el lateral derecho Juan Barinaga, mientras que el lateral izquierdo ser\u00e1 Lautaro Blanco, habitual titular.<\/p>\n<p>Por Merentiel jugar\u00e1 el goleador Milton Gim\u00e9nez, mientras que la duda continuar\u00e1 en el ataque, ya que es probable que est\u00e9 Brian Aguirre, de notable actuaci\u00f3n ante Rosario Central, o que ingrese Exequiel Zeballos.<\/p>\n<p>La\u00a0<strong>probable formaci\u00f3n de Boca<\/strong>\u00a0ser\u00eda con Sergio Romero o Leandro Brey; Juan Barinaga, Aaron Anselmino, Cristian Lema, Marcos Rojo, Lautaro Blanco; Cristian Medina, Guillermo Fern\u00e1ndez; Kevin Zen\u00f3n; Brian Aguirre o Exequiel Zeballos y Milton Gim\u00e9nez.<\/p>\n<\/div>\n<\/article>\n","protected":false},"excerpt":{"rendered":"<p>Boca no podr\u00e1 contar para el decisivo partido por Copa Argentina ante Talleres de C\u00f3rdoba con los uruguayos Miguel Merentiel<\/p>\n","protected":false},"author":1,"featured_media":17990,"comment_status":"closed","ping_status":"closed","sticky":false,"template":"","format":"standard","meta":{"footnotes":"","jetpack_publicize_message":"","jetpack_publicize_feature_enabled":true,"jetpack_social_post_already_shared":true,"jetpack_social_options":{"image_generator_settings":{"template":"highway","enabled":false},"version":2}},"categories":[9],"tags":[],"class_list":["post-17989","post","type-post","status-publish","format-standard","has-post-thumbnail","hentry","category-deportes"],"jetpack_publicize_connections":[],"_links":{"self":[{"href":"https:\/\/diariorepublica.com.ar\/web\/index.php\/wp-json\/wp\/v2\/posts\/17989"}],"collection":[{"href":"https:\/\/diariorepublica.com.ar\/web\/index.php\/wp-json\/wp\/v2\/posts"}],"about":[{"href":"https:\/\/diariorepublica.com.ar\/web\/index.php\/wp-json\/wp\/v2\/types\/post"}],"author":[{"embeddable":true,"href":"https:\/\/diariorepublica.com.ar\/web\/index.php\/wp-json\/wp\/v2\/users\/1"}],"replies":[{"embeddable":true,"href":"https:\/\/diariorepublica.com.ar\/web\/index.php\/wp-json\/wp\/v2\/comments?post=17989"}],"version-history":[{"count":1,"href":"https:\/\/diariorepublica.com.ar\/web\/index.php\/wp-json\/wp\/v2\/posts\/17989\/revisions"}],"predecessor-version":[{"id":17991,"href":"https:\/\/diariorepublica.com.ar\/web\/index.php\/wp-json\/wp\/v2\/posts\/17989\/revisions\/17991"}],"wp:featuredmedia":[{"embeddable":true,"href":"https:\/\/diariorepublica.com.ar\/web\/index.php\/wp-json\/wp\/v2\/media\/17990"}],"wp:attachment":[{"href":"https:\/\/diariorepublica.com.ar\/web\/index.php\/wp-json\/wp\/v2\/media?parent=17989"}],"wp:term":[{"taxonomy":"category","embeddable":true,"href":"https:\/\/diariorepublica.com.ar\/web\/index.php\/wp-json\/wp\/v2\/categories?post=17989"},{"taxonomy":"post_tag","embeddable":true,"href":"https:\/\/diariorepublica.com.ar\/web\/index.php\/wp-json\/wp\/v2\/tags?post=17989"}],"curies":[{"name":"wp","href":"https:\/\/api.w.org\/{rel}","templated":true}]}}