{"id":17995,"date":"2024-09-02T18:09:00","date_gmt":"2024-09-02T21:09:00","guid":{"rendered":"https:\/\/diariorepublica.com.ar\/web\/?p=17995"},"modified":"2024-09-02T11:14:57","modified_gmt":"2024-09-02T14:14:57","slug":"se-traslada-el-dia-del-empleado-de-comercio-2024-que-dia-cae-y-cuando-cierran-los-comercios","status":"publish","type":"post","link":"https:\/\/diariorepublica.com.ar\/web\/index.php\/nacionales\/2024\/09\/02\/se-traslada-el-dia-del-empleado-de-comercio-2024-que-dia-cae-y-cuando-cierran-los-comercios\/","title":{"rendered":"Se traslada el D\u00eda del Empleado de Comercio 2024: qu\u00e9 d\u00eda cae y cuando cierran los comercios"},"content":{"rendered":"<p>De acuerdo a a las normas legales vigentes en materia laboral (LCT) y con los alcances de la ley 26.541, el secretario general de la Asociaci\u00f3n Gremial de Empleados de Comercio (AGEC), Pablo Chac\u00f3n, confirm\u00f3 la modificaci\u00f3n del D\u00eda del Empleado de Comercio 2024.<\/p>\n<p>La jornada, que seg\u00fan la<strong>&nbsp;Ley 26.541<\/strong>&nbsp;se celebra el<strong>&nbsp;26 de septiembre<\/strong>, se trasladar\u00e1 al<strong>&nbsp;lunes 30 de septiembre,&nbsp;<\/strong>seg\u00fan oficializaron fuentes oficiales.<\/p>\n<p>Asimismo, esta modificaci\u00f3n afectar\u00e1 \u00fanicamente a los<strong>&nbsp;trabajadores que operan bajo el Convenio Colectivo de Trabajo (CCT) 130\/75,<\/strong>&nbsp;similar a lo sucedido en 2023.<\/p>\n<article class=\"article-body article-body--fourth-paragraph content-protected-false\">Desde la&nbsp;<strong>Asociaci\u00f3n Gremial de Empleados de Comercio (AGEC)&nbsp;<\/strong>remarcaron que en cuanto a las remuneraciones para quienes presten servicios en ese d\u00eda,&nbsp;<strong>se debe cumplir con las normativas laborales vigentes<\/strong>&nbsp;(Ley de Contrato de Trabajo y leyes relacionadas), y&nbsp;<strong>no se permitir\u00e1 otorgar un franco compensatorio por descanso semanal.<\/strong><\/p>\n<\/article>\n<article class=\"article-body article-body--remaining-paragraph content-protected-false\">Por lo tanto, el&nbsp;<strong>feriado ser\u00e1 obligatorio para todos los empleados de comercio<\/strong>. Los trabajadores que elijan no trabajar en esa fecha no tendr\u00e1n descuentos salariales, ya que el d\u00eda se considera un feriado nacional.<\/p>\n<p>Los empleadores no podr\u00e1n exigir la presencia de sus empleados sin un acuerdo previo, y en caso de abrir,&nbsp;<strong>deber\u00e1n pagar el doble por la jornada trabajada.<\/strong><\/p>\n<p>ambito.com<\/p>\n<\/article>\n","protected":false},"excerpt":{"rendered":"<p>De acuerdo a a las normas legales vigentes en materia laboral (LCT) y con los alcances de la ley 26.541,<\/p>\n","protected":false},"author":1,"featured_media":17996,"comment_status":"closed","ping_status":"closed","sticky":false,"template":"","format":"standard","meta":{"footnotes":"","jetpack_publicize_message":"","jetpack_publicize_feature_enabled":true,"jetpack_social_post_already_shared":true,"jetpack_social_options":{"image_generator_settings":{"template":"highway","enabled":false},"version":2}},"categories":[4],"tags":[],"class_list":["post-17995","post","type-post","status-publish","format-standard","has-post-thumbnail","hentry","category-nacionales"],"jetpack_publicize_connections":[],"_links":{"self":[{"href":"https:\/\/diariorepublica.com.ar\/web\/index.php\/wp-json\/wp\/v2\/posts\/17995"}],"collection":[{"href":"https:\/\/diariorepublica.com.ar\/web\/index.php\/wp-json\/wp\/v2\/posts"}],"about":[{"href":"https:\/\/diariorepublica.com.ar\/web\/index.php\/wp-json\/wp\/v2\/types\/post"}],"author":[{"embeddable":true,"href":"https:\/\/diariorepublica.com.ar\/web\/index.php\/wp-json\/wp\/v2\/users\/1"}],"replies":[{"embeddable":true,"href":"https:\/\/diariorepublica.com.ar\/web\/index.php\/wp-json\/wp\/v2\/comments?post=17995"}],"version-history":[{"count":2,"href":"https:\/\/diariorepublica.com.ar\/web\/index.php\/wp-json\/wp\/v2\/posts\/17995\/revisions"}],"predecessor-version":[{"id":18001,"href":"https:\/\/diariorepublica.com.ar\/web\/index.php\/wp-json\/wp\/v2\/posts\/17995\/revisions\/18001"}],"wp:featuredmedia":[{"embeddable":true,"href":"https:\/\/diariorepublica.com.ar\/web\/index.php\/wp-json\/wp\/v2\/media\/17996"}],"wp:attachment":[{"href":"https:\/\/diariorepublica.com.ar\/web\/index.php\/wp-json\/wp\/v2\/media?parent=17995"}],"wp:term":[{"taxonomy":"category","embeddable":true,"href":"https:\/\/diariorepublica.com.ar\/web\/index.php\/wp-json\/wp\/v2\/categories?post=17995"},{"taxonomy":"post_tag","embeddable":true,"href":"https:\/\/diariorepublica.com.ar\/web\/index.php\/wp-json\/wp\/v2\/tags?post=17995"}],"curies":[{"name":"wp","href":"https:\/\/api.w.org\/{rel}","templated":true}]}}