{"id":18014,"date":"2024-09-03T07:28:00","date_gmt":"2024-09-03T10:28:00","guid":{"rendered":"https:\/\/diariorepublica.com.ar\/web\/?p=18014"},"modified":"2024-09-03T08:30:07","modified_gmt":"2024-09-03T11:30:07","slug":"milei-ira-al-congreso-para-presentar-el-proyecto-del-presupuesto-2025","status":"publish","type":"post","link":"https:\/\/diariorepublica.com.ar\/web\/index.php\/politica\/2024\/09\/03\/milei-ira-al-congreso-para-presentar-el-proyecto-del-presupuesto-2025\/","title":{"rendered":"Milei ir\u00e1 al Congreso para presentar el proyecto del Presupuesto 2025"},"content":{"rendered":"<p>El presidente Javier Milei concurrir\u00e1 en persona a realizar la presentaci\u00f3n del proyecto de presupuesto 2025 en el Congreso, seg\u00fan confirm\u00f3 una alta fuente de la Casa Rosada a \u00c1mbito.<\/p>\n<p>\u201c\u00c9l quiere ir al Parlamento\u201d, sostienen fuentes oficiales haciendo referencia a la voluntad del primer mandatario, ya que considera que ser\u00eda \u201cuna oportunidad para intentar generar una nueva cultura pol\u00edtica con relaci\u00f3n a las cuentas p\u00fablicas\u201d.<\/p>\n<p>En este sentido, los estrategas gubernamentales est\u00e1n pensando en una exposici\u00f3n extensa ante los legisladores, semejante a la que el jefe de Estado realiz\u00f3 con motivo de la apertura de sesiones ordinarias el pasado primero de marzo. La fecha prevista para la presentaci\u00f3n de la iniciativa es el lunes 16 de septiembre venidero.<\/p>\n<p>Fuentes parlamentarias, en tanto y ante la consulta de \u00c1mbito, se\u00f1alan que el Presidente puede acompa\u00f1ar al ministro de Econom\u00eda en las reuniones informativas de la Comisi\u00f3n de Presupuesto, pero se\u00f1alan que el primer mandatario \u201cno tiene atribuciones para convocar a una asamblea legislativa para tratar el presupuesto, no es parte ni de la formalidad ni de la tradici\u00f3n\u201d.<\/p>\n<p>Dudas<br \/>\nTras las derrotas que viene sufriendo el Poder Ejecutivo en el Congreso, en el Gobierno Nacional existen dudas sobre que el Parlamento termine aprobando el proyecto de presupuesto que se aprestan a enviar. \u201cEn ese caso, se prorrogar\u00e1 el actual\u201d, precis\u00f3 un importante funcionario a este medio.<\/p>\n<p>La evaluaci\u00f3n oficial es que, en este escenario, el Ejecutivo tendr\u00e1 un mayor margen de acci\u00f3n, porque las partidas se mantendr\u00e1n conforme al presupuesto 2023 (con las modificaciones que ha registrado) y los recursos aumentar\u00e1n en virtud de la esperada recuperaci\u00f3n econ\u00f3mica.<\/p>\n<p>Cabe recordar que, tal como adelant\u00f3 \u00c1mbito, el Presidente se dedica personalmente a la elaboraci\u00f3n de esta ley que considera fundamental para la consolidaci\u00f3n de su programa de gobierno. \u201cDise\u00f1\u00e9 un formato que no sea vulnerable a los cambios de la macro (econom\u00eda)\u201d, se\u00f1al\u00f3 Milei a su entorno en referencia a la elaboraci\u00f3n del proyecto de presupuesto.<\/p>\n<p>Desde este punto de vista, explican que la intenci\u00f3n del primer mandatario es que, si por alguna raz\u00f3n los ingresos resultaran subestimados y en la pr\u00e1ctica los recursos del Estado fueran superiores a los previstos, estos excedentes se destinar\u00e1n a bajar impuestos y no a aumentar el gasto, como se hizo hist\u00f3ricamente.<\/p>\n<p>En el escenario contrario, es decir que la estimaci\u00f3n de ingresos resulte inferior a la real, la decisi\u00f3n ser\u00e1 recortar partidas porque, por supuesto, mantener en cero el d\u00e9ficit financiero (incluyendo el pago de intereses de la deuda) es un objetivo central, se\u00f1alan en medios oficiales.<\/p>\n<p>Pero adelantan que estos eventuales recortes no afectar\u00e1n erogaciones que en el Gobierno consideran \u201cr\u00edgidas\u201d, como, por ejemplo, las jubilaciones o los recursos para los sectores m\u00e1s necesitados.<\/p>\n<p>La iniciativa del Ejecutivo \u201cplantear\u00e1 metas fiscales que se basan en el mantenimiento de las pol\u00edticas que apuntalan la demanda agregada y un incremento de los recursos fiscales de la mano de un aumento de la actividad, del empleo y de los ingresos reales, dando sostenibilidad al sendero de crecimiento en un contexto de reducci\u00f3n de d\u00e9ficit fiscal\u201d, seg\u00fan se inform\u00f3 a comienzos del julio \u00faltimo en el Informe de Avance sobre la Elaboraci\u00f3n del Proyecto de Ley de Presupuesto General de la Administraci\u00f3n Nacional correspondiente al Ejercicio Fiscal 2025.<\/p>\n<p>Criterios<br \/>\nEl Gobierno toma en cuenta cuatro criterios fundamentales: el mantenimiento del equilibrio fiscal, el otorgamiento de planes sociales sin intermediarios, la modernizaci\u00f3n y simplificaci\u00f3n del Estado, y un aumento en las partidas para defensa y seguridad.<\/p>\n<p>Las proyecciones de la Casa Rosada contemplan el equilibrio fiscal sostenido, la desaceleraci\u00f3n de la inflaci\u00f3n, la mejora del balance del Banco Central y el fortalecimiento de las reservas internacionales.<\/p>\n<p>Las autoridades se\u00f1alan que es prioritario continuar con la pol\u00edtica de d\u00e9ficit cero, fortaleciendo la eficacia y eficiencia del gasto p\u00fablico y haciendo \u00e9nfasis en la reducci\u00f3n del gasto pol\u00edtico para dar prioridad al sostenimiento de ingresos de los sectores de mayor vulnerabilidad.<\/p>\n<p>En este sentido, el Ejecutivo ratifica las pol\u00edticas dise\u00f1adas desde el Ministerio de Capital Humano, que conduce Sandra Pettovello, orientadas a eliminar la intermediaci\u00f3n en los planes, ampliar la asistencia social a madres y ni\u00f1os de los sectores m\u00e1s vulnerables y proteger el poder adquisitivo de las jubilaciones y pensiones.<\/p>\n<p>En cuanto al rol del Estado, la estrategia oficial se orienta a \u201chacer un Estado moderno, eficaz, eficiente, simple y \u00fatil para los ciudadanos, ocupado en sus funciones esenciales para no entorpecer las condiciones para el desarrollo del sector privado, favoreciendo la libre empresa\u201d.<\/p>\n<p>En tal sentido, se inscriben las tareas que realiza el Ministerio de Desregulaci\u00f3n y Transformaci\u00f3n del Estado, comandado por Federico Sturzenegger, que buscan simplificar acciones y procesos, digitalizando y simplificando tr\u00e1mites, desburocratizando y eliminando intermediarios.<\/p>\n<p>En cuanto a las fuerzas de seguridad y defensa, se apunta a mejorar el equipamiento tanto para sostener la soberan\u00eda territorial como para mejorar la seguridad interior fortaleciendo la prevenci\u00f3n del delito y la investigaci\u00f3n del crimen organizado, seg\u00fan la argumentaci\u00f3n oficial.<\/p>\n<p>Las autoridades se encuentran elaborando adem\u00e1s los datos cuantitativos que contendr\u00e1 el proyecto (inflaci\u00f3n y crecimiento, entre otros). En fuentes oficiales se se\u00f1ala que, con el antecedente de los logros alcanzados en materia fiscal en los \u00faltimos meses, el presupuesto 2025 \u201cser\u00e1 por primera vez en muchos a\u00f1os una verdadera hoja de ruta\u201d<\/p>\n<p>ambito.com<\/p>\n","protected":false},"excerpt":{"rendered":"<p>El presidente Javier Milei concurrir\u00e1 en persona a realizar la presentaci\u00f3n del proyecto de presupuesto 2025 en el Congreso, seg\u00fan<\/p>\n","protected":false},"author":1,"featured_media":18015,"comment_status":"closed","ping_status":"closed","sticky":false,"template":"","format":"standard","meta":{"footnotes":"","jetpack_publicize_message":"","jetpack_publicize_feature_enabled":true,"jetpack_social_post_already_shared":true,"jetpack_social_options":{"image_generator_settings":{"template":"highway","enabled":false},"version":2}},"categories":[12],"tags":[],"class_list":["post-18014","post","type-post","status-publish","format-standard","has-post-thumbnail","hentry","category-politica"],"jetpack_publicize_connections":[],"_links":{"self":[{"href":"https:\/\/diariorepublica.com.ar\/web\/index.php\/wp-json\/wp\/v2\/posts\/18014"}],"collection":[{"href":"https:\/\/diariorepublica.com.ar\/web\/index.php\/wp-json\/wp\/v2\/posts"}],"about":[{"href":"https:\/\/diariorepublica.com.ar\/web\/index.php\/wp-json\/wp\/v2\/types\/post"}],"author":[{"embeddable":true,"href":"https:\/\/diariorepublica.com.ar\/web\/index.php\/wp-json\/wp\/v2\/users\/1"}],"replies":[{"embeddable":true,"href":"https:\/\/diariorepublica.com.ar\/web\/index.php\/wp-json\/wp\/v2\/comments?post=18014"}],"version-history":[{"count":1,"href":"https:\/\/diariorepublica.com.ar\/web\/index.php\/wp-json\/wp\/v2\/posts\/18014\/revisions"}],"predecessor-version":[{"id":18016,"href":"https:\/\/diariorepublica.com.ar\/web\/index.php\/wp-json\/wp\/v2\/posts\/18014\/revisions\/18016"}],"wp:featuredmedia":[{"embeddable":true,"href":"https:\/\/diariorepublica.com.ar\/web\/index.php\/wp-json\/wp\/v2\/media\/18015"}],"wp:attachment":[{"href":"https:\/\/diariorepublica.com.ar\/web\/index.php\/wp-json\/wp\/v2\/media?parent=18014"}],"wp:term":[{"taxonomy":"category","embeddable":true,"href":"https:\/\/diariorepublica.com.ar\/web\/index.php\/wp-json\/wp\/v2\/categories?post=18014"},{"taxonomy":"post_tag","embeddable":true,"href":"https:\/\/diariorepublica.com.ar\/web\/index.php\/wp-json\/wp\/v2\/tags?post=18014"}],"curies":[{"name":"wp","href":"https:\/\/api.w.org\/{rel}","templated":true}]}}