{"id":18026,"date":"2024-09-03T00:17:00","date_gmt":"2024-09-03T03:17:00","guid":{"rendered":"https:\/\/diariorepublica.com.ar\/web\/?p=18026"},"modified":"2024-09-03T09:19:45","modified_gmt":"2024-09-03T12:19:45","slug":"el-papa-francisco-inicio-el-viaje-mas-largo-de-su-pontificado","status":"publish","type":"post","link":"https:\/\/diariorepublica.com.ar\/web\/index.php\/internacionales\/2024\/09\/03\/el-papa-francisco-inicio-el-viaje-mas-largo-de-su-pontificado\/","title":{"rendered":"El Papa Francisco inici\u00f3 el viaje m\u00e1s largo de su pontificado"},"content":{"rendered":"<article id=\"article-post\" class=\"first\">\n<div class=\"cuerpo\" data-twitter-link=\"https:\/\/twitter.com\/intent\/tweet?url=https:\/\/www.diariopopular.com.ar\/c803879&amp;via=poopulardiario&amp;related=Popular&amp;text=\">\n<p>El\u00a0<strong>Papa Francisco<\/strong>\u00a0inici\u00f3 este lunes al mediod\u00eda el viaje apost\u00f3lico m\u00e1s largo de su pontificado al partir desde el aeropuerto internacional Fiumicino de Roma con destino a\u00a0<strong>Yakarta &#8211;<\/strong>primer escala de su periplo-, ciudad a la que arribar\u00e1 ma\u00f1ana. El viaje estaba previsto para 2020, pero se aplaz\u00f3 por la pandemia de Covid-19.<\/p>\n<\/div>\n<\/article>\n<article id=\"article-post\">\n<div class=\"cuerpo\" data-twitter-link=\"https:\/\/twitter.com\/intent\/tweet?url=https:\/\/www.diariopopular.com.ar\/c803879&amp;via=poopulardiario&amp;related=Popular&amp;text=\">\n<p>El recorrido del Santo padre abarcar\u00e1<strong>\u00a033.000 kil\u00f3metros entre cuatro estados, dos continentes y varios husos horarios<\/strong>, Se trata del\u00a0<strong>45\u00b0 viaje apost\u00f3lico de Francisco\u00a0<\/strong>que comenz\u00f3 a las 17.32 de Italia ( 12.32 de Argentina) cuando el vuelo despeg\u00f3 del aeropuerto romano con rumbo a Indonesia para el primer tramo de 11 mil kil\u00f3metros y unas 13 horas de vuelo estimadas, que llevar\u00e1 a bordo a Francisco, a su comitiva y a m\u00e1s de 70 periodistas para llegar ma\u00f1ana al mediod\u00eda al aeropuerto internacional \u00abSoekarno-Hatta\u00bb de Yakarta.<\/p>\n<p>La mayor parte del primer d\u00eda del Santo Padre en Indonesia la pasar\u00e1 descansando, tras una breve ceremonia de bienvenida en el aeropuerto de Yakarta, seg\u00fan inform\u00f3 la agencia de noticias AICA.<\/p>\n<div id=\"715990-Libre-1683866641_wrap\" class=\"embed_cont type_imagen\" contenteditable=\"false\">\n<div id=\"715990-Libre-1683866641_content\" class=\"embed_content\"><img decoding=\"async\" id=\"715990-Libre-1683866641_embed\" title=\"\" src=\"https:\/\/media.diariopopular.com.ar\/p\/cce3466ce7e587c246f2498f48be37a6\/adjuntos\/143\/imagenes\/008\/159\/0008159534\/1140x0\/smart\/papa-personas-hogar-sep-2024-mjpeg.jpeg\" alt=\"\" width=\"1140\" height=\"undefined\" longdesc=\"https:\/\/media.diariopopular.com.ar\/p\/cce3466ce7e587c246f2498f48be37a6\/adjuntos\/143\/imagenes\/008\/159\/0008159534\/1140x0\/smart\/papa-personas-hogar-sep-2024-mjpeg.jpeg\" \/><\/div>\n<div id=\"715990-Libre-1683866641_epigrafe\" class=\"embed_epigrafe\"><\/div>\n<div id=\"715990-Libre-1683866641_copyright\" class=\"embed_copyright\"><\/div>\n<\/div>\n<h6>El Papa con personas sin hogar<\/h6>\n<p>Antes de su salida de la Casa Santa Marta, el Papa se reuni\u00f3 con\u00a0<strong>15 personas sin hogar<\/strong>\u00a0asistidas por el Dicasterio para el Servicio de la Caridad.<\/p>\n<p>Seg\u00fan inform\u00f3 la Oficina de Prensa de la Santa Sede, el limosnero pontificio, cardenal Konrad Krajewski acompa\u00f1\u00f3 al grupo a la residencia del Papa para una visita breve.<\/p>\n<p>\u00abEsta tarde, poco despu\u00e9s de las 16, unas quince personas sin hogar, tanto hombres como mujeres, acompa\u00f1adas por el cardena<strong>l Konrad Krajewski,<\/strong>\u00a0limosnero papal, visitaron al Papa Francisco en la Casa Santa Marta antes de su partida para su pr\u00f3ximo viaje apost\u00f3lico a Asia y Ocean\u00eda<em>\u00ab,\u00a0<\/em>inform\u00f3 Vatican News.<\/p>\n<h6>La agenda del Santo Padre<\/h6>\n<p>La traves\u00eda comenzar\u00e1 en Yakarta, la capital de Indonesia, donde estar\u00e1 desde este martes hasta el viernes 6 de septiembre, antes de partir hacia Pap\u00faa Nueva Guinea (del 6 al 9), Timor Oriental (del 9 al 11) y finalmente a llegar\u00e1 a Singapur (donde estar\u00e1 del 11 al 13).<\/p>\n<p>A ra\u00edz de que normalmente se desplaza en silla de ruedas o con ayuda de un bast\u00f3n, debido a un problema en la rodilla derecha y a fin del a\u00f1o pasado debi\u00f3 cancelar un viaje a Dubai por una bronquitis severa, el Papa es acompa\u00f1ado durante la gira por su m\u00e9dico y dos enfermeras. As\u00ed lo confirm\u00f3 el vocero papal,\u00a0<strong>Matteo Bruni<\/strong>, quien al ilustrar la gira asegur\u00f3 que \u00ablas precauciones sanitarias son las mismas que se prev\u00e9n en todos los viajes apost\u00f3licos\u00bb.<\/p>\n<p>El cardenal filipino Luis Antonio Tagle, proprefecto del Dicasterio para la Evangelizaci\u00f3n, junto al arzobispo brit\u00e1nico Paul Gallagher, secretario para las Relaciones con los Estados y el sustituto, monse\u00f1or Pe\u00f1a Parra, ser\u00e1n parte del equipo papal en este viaje, en el que la novedad es que, por primera vez, viajar\u00e1n tambi\u00e9n sus tres secretarios privados.<\/p>\n<p>Hace casi un a\u00f1o que el Sumo Pont\u00edfice no viaja al extranjero; la \u00faltima vez fue a Marsella, en el sur de Francia, en septiembre del a\u00f1o pasado.<\/p>\n<h3>Con informaci\u00f3n de Vatican News y ACI Prensa<\/h3>\n<\/div>\n<\/article>\n","protected":false},"excerpt":{"rendered":"<p>El\u00a0Papa Francisco\u00a0inici\u00f3 este lunes al mediod\u00eda el viaje apost\u00f3lico m\u00e1s largo de su pontificado al partir desde el aeropuerto internacional<\/p>\n","protected":false},"author":1,"featured_media":18027,"comment_status":"closed","ping_status":"closed","sticky":false,"template":"","format":"standard","meta":{"footnotes":"","jetpack_publicize_message":"","jetpack_publicize_feature_enabled":true,"jetpack_social_post_already_shared":true,"jetpack_social_options":{"image_generator_settings":{"template":"highway","enabled":false},"version":2}},"categories":[6],"tags":[],"class_list":["post-18026","post","type-post","status-publish","format-standard","has-post-thumbnail","hentry","category-internacionales"],"jetpack_publicize_connections":[],"_links":{"self":[{"href":"https:\/\/diariorepublica.com.ar\/web\/index.php\/wp-json\/wp\/v2\/posts\/18026"}],"collection":[{"href":"https:\/\/diariorepublica.com.ar\/web\/index.php\/wp-json\/wp\/v2\/posts"}],"about":[{"href":"https:\/\/diariorepublica.com.ar\/web\/index.php\/wp-json\/wp\/v2\/types\/post"}],"author":[{"embeddable":true,"href":"https:\/\/diariorepublica.com.ar\/web\/index.php\/wp-json\/wp\/v2\/users\/1"}],"replies":[{"embeddable":true,"href":"https:\/\/diariorepublica.com.ar\/web\/index.php\/wp-json\/wp\/v2\/comments?post=18026"}],"version-history":[{"count":1,"href":"https:\/\/diariorepublica.com.ar\/web\/index.php\/wp-json\/wp\/v2\/posts\/18026\/revisions"}],"predecessor-version":[{"id":18028,"href":"https:\/\/diariorepublica.com.ar\/web\/index.php\/wp-json\/wp\/v2\/posts\/18026\/revisions\/18028"}],"wp:featuredmedia":[{"embeddable":true,"href":"https:\/\/diariorepublica.com.ar\/web\/index.php\/wp-json\/wp\/v2\/media\/18027"}],"wp:attachment":[{"href":"https:\/\/diariorepublica.com.ar\/web\/index.php\/wp-json\/wp\/v2\/media?parent=18026"}],"wp:term":[{"taxonomy":"category","embeddable":true,"href":"https:\/\/diariorepublica.com.ar\/web\/index.php\/wp-json\/wp\/v2\/categories?post=18026"},{"taxonomy":"post_tag","embeddable":true,"href":"https:\/\/diariorepublica.com.ar\/web\/index.php\/wp-json\/wp\/v2\/tags?post=18026"}],"curies":[{"name":"wp","href":"https:\/\/api.w.org\/{rel}","templated":true}]}}