{"id":18038,"date":"2024-09-03T10:12:59","date_gmt":"2024-09-03T13:12:59","guid":{"rendered":"https:\/\/diariorepublica.com.ar\/web\/?p=18038"},"modified":"2024-09-03T10:13:01","modified_gmt":"2024-09-03T13:13:01","slug":"vecinos-de-huillapima-y-concepcion-se-informaron-sobre-la-facturacion","status":"publish","type":"post","link":"https:\/\/diariorepublica.com.ar\/web\/index.php\/sociedad\/2024\/09\/03\/vecinos-de-huillapima-y-concepcion-se-informaron-sobre-la-facturacion\/","title":{"rendered":"Vecinos de Huillapima y Concepci\u00f3n se informaron sobre la facturaci\u00f3n"},"content":{"rendered":"<p>Una importante cantidad de usuarios de las localidades de Huillapima y de Concepci\u00f3n, departamento Capay\u00e1n, se acerc\u00f3 ayer lunes a los puestos m\u00f3viles del Ente Regulador a realizar consultas sobre la facturaci\u00f3n recibida y sobre el subsidio nacional a la energ\u00eda el\u00e9ctrica.<\/p>\n<p>Los agentes del organismo explicaron la composici\u00f3n de la factura, asesoraron sobre el uso racional de la energ\u00eda el\u00e9ctrica, e inscribieron en el RASE para mantener el subsidio nacional.<\/p>\n<p>La agenda contin\u00faa hoy en la localidad de Los Angeles y ma\u00f1ana en Nueva Coneta, de 8.30 a 12 horas.<\/p>\n<p>Cabe recordar que la inscripci\u00f3n para no perder el subsidio nacional vence este 4 de septiembre.<\/p>\n","protected":false},"excerpt":{"rendered":"<p>Una importante cantidad de usuarios de las localidades de Huillapima y de Concepci\u00f3n, departamento Capay\u00e1n, se acerc\u00f3 ayer lunes a<\/p>\n","protected":false},"author":1,"featured_media":18039,"comment_status":"closed","ping_status":"closed","sticky":false,"template":"","format":"standard","meta":{"footnotes":"","jetpack_publicize_message":"","jetpack_publicize_feature_enabled":true,"jetpack_social_post_already_shared":true,"jetpack_social_options":{"image_generator_settings":{"template":"highway","enabled":false},"version":2}},"categories":[3],"tags":[],"class_list":["post-18038","post","type-post","status-publish","format-standard","has-post-thumbnail","hentry","category-sociedad"],"jetpack_publicize_connections":[],"_links":{"self":[{"href":"https:\/\/diariorepublica.com.ar\/web\/index.php\/wp-json\/wp\/v2\/posts\/18038"}],"collection":[{"href":"https:\/\/diariorepublica.com.ar\/web\/index.php\/wp-json\/wp\/v2\/posts"}],"about":[{"href":"https:\/\/diariorepublica.com.ar\/web\/index.php\/wp-json\/wp\/v2\/types\/post"}],"author":[{"embeddable":true,"href":"https:\/\/diariorepublica.com.ar\/web\/index.php\/wp-json\/wp\/v2\/users\/1"}],"replies":[{"embeddable":true,"href":"https:\/\/diariorepublica.com.ar\/web\/index.php\/wp-json\/wp\/v2\/comments?post=18038"}],"version-history":[{"count":1,"href":"https:\/\/diariorepublica.com.ar\/web\/index.php\/wp-json\/wp\/v2\/posts\/18038\/revisions"}],"predecessor-version":[{"id":18040,"href":"https:\/\/diariorepublica.com.ar\/web\/index.php\/wp-json\/wp\/v2\/posts\/18038\/revisions\/18040"}],"wp:featuredmedia":[{"embeddable":true,"href":"https:\/\/diariorepublica.com.ar\/web\/index.php\/wp-json\/wp\/v2\/media\/18039"}],"wp:attachment":[{"href":"https:\/\/diariorepublica.com.ar\/web\/index.php\/wp-json\/wp\/v2\/media?parent=18038"}],"wp:term":[{"taxonomy":"category","embeddable":true,"href":"https:\/\/diariorepublica.com.ar\/web\/index.php\/wp-json\/wp\/v2\/categories?post=18038"},{"taxonomy":"post_tag","embeddable":true,"href":"https:\/\/diariorepublica.com.ar\/web\/index.php\/wp-json\/wp\/v2\/tags?post=18038"}],"curies":[{"name":"wp","href":"https:\/\/api.w.org\/{rel}","templated":true}]}}