{"id":18041,"date":"2024-09-03T12:36:49","date_gmt":"2024-09-03T15:36:49","guid":{"rendered":"https:\/\/diariorepublica.com.ar\/web\/?p=18041"},"modified":"2024-09-03T12:36:51","modified_gmt":"2024-09-03T15:36:51","slug":"se-espera-una-amplia-participacion-para-el-2-foro-regional-de-turismo","status":"publish","type":"post","link":"https:\/\/diariorepublica.com.ar\/web\/index.php\/sociedad\/2024\/09\/03\/se-espera-una-amplia-participacion-para-el-2-foro-regional-de-turismo\/","title":{"rendered":"Se espera una amplia participaci\u00f3n para el 2\u00b0 Foro Regional de Turismo"},"content":{"rendered":"<p>Con gran expectativa, el 2\u00b0 Foro Regional de Turismo del Norte ya cuenta con m\u00e1s de 1500 inscriptos para participar del evento que se llevar\u00e1 a cabo el pr\u00f3ximo 5 de septiembre, en el Predio Ferial Catamarca.<\/p>\n<p>Bajo el lema \u201cExplorando nuevas oportunidades y desaf\u00edos para la regi\u00f3n\u201d, las autoridades de turismo de todo el Norte Argentino, La Rioja, Jujuy, Salta, Santiago del Estero, Tucum\u00e1n y Catamarca, como anfitriona, formar\u00e1n parte de este encuentro formativo que apunta a la gesti\u00f3n integrada, el posicionamiento y la comercializaci\u00f3n del destino Norte.<\/p>\n<p>El foro reunir\u00e1 a destacados profesionales del sector que abordar\u00e1n temas relevantes y compartir\u00e1n experiencias que contribuyan al desarrollo de la regi\u00f3n. La respuesta es muy positiva con una gran cantidad de inscriptos de las diferentes provincias que integran el norte y otros puntos del pa\u00eds.<\/p>\n<p>\u00abEsperamos que los asistentes tengan una jornada exitosa para seguir profesionaliz\u00e1ndose en el sector, consolidando al destino y a la regi\u00f3n en toda la cadena de valor que involucra al turismo. Es importante destacar que esta jornada es de formaci\u00f3n para todos los actores involucrados en el turismo, tanto directa como indirectamente, desde los anfitriones de cada destino hasta los profesionales del sector\u201d, expres\u00f3 Evangelina Quar\u00edn, secretaria de Gesti\u00f3n Tur\u00edstica.<\/p>\n<p>A\u00fan hay tiempo de inscribirse a trav\u00e9s de la p\u00e1gina web\u00a0<a href=\"http:\/\/fororegionalnorte.gob.ar\/\" target=\"_blank\" rel=\"noopener\" data-saferedirecturl=\"https:\/\/www.google.com\/url?q=http:\/\/fororegionalnorte.gob.ar\/&amp;source=gmail&amp;ust=1725458245066000&amp;usg=AOvVaw07hozIEvM5KEyn1z9e556Q\">http:\/\/fororegionalnorte.gob.ar\/<\/a><\/p>\n<p><strong>Cronograma:<\/strong><\/p>\n<p>\u25cf\u00a0\u00a0\u00a0\u00a0\u00a0\u00a0\u00a0\u00a08:30 hs: Acreditaciones<\/p>\n<p>\u25cf\u00a0\u00a0\u00a0\u00a0\u00a0\u00a0\u00a0\u00a09:00 hs: Acto de apertura<\/p>\n<p>\u25cf\u00a0\u00a0\u00a0\u00a0\u00a0\u00a0\u00a0\u00a09:40 hs: Patricia Ruiz \u00abDise\u00f1o de experiencias tur\u00edsticas\u00bb<\/p>\n<p>\u25cf\u00a0\u00a0\u00a0\u00a0\u00a0\u00a0\u00a0\u00a010:20 hs: Marco Rossi \u00abInteligencia Artificial y su impacto en el turismo\u00bb<\/p>\n<p>\u25cf\u00a0\u00a0\u00a0\u00a0\u00a0\u00a0\u00a0\u00a011:00 hs: Coffe Break<\/p>\n<p>\u25cf\u00a0\u00a0\u00a0\u00a0\u00a0\u00a0\u00a0\u00a011:30 hs: Joan Cwaik \u00abHabilidades para recuperar lo humano\u00bb<\/p>\n<p>\u25cf\u00a0\u00a0\u00a0\u00a0\u00a0\u00a0\u00a0\u00a012:30 hs: Almuerzo Libre<\/p>\n<p>\u25cf\u00a0\u00a0\u00a0\u00a0\u00a0\u00a0\u00a0\u00a013:50 hs: Juli\u00e1n Gaita Gonz\u00e1lez \u00abLos secretos detr\u00e1s de la magia\u00bb<\/p>\n<p>\u25cf\u00a0\u00a0\u00a0\u00a0\u00a0\u00a0\u00a0\u00a014:30 hs: Panel \u00abEstrategias de Promoci\u00f3n Tur\u00edstica Internacional en entornos digitales\u00bb<\/p>\n<p>\u25cf\u00a0\u00a0\u00a0\u00a0\u00a0\u00a0\u00a0\u00a015:30 hs: Juli\u00e1n Gaita Gonz\u00e1lez \u00abProhibido cerrar ventas\u00bb<\/p>\n<p>\u25cf\u00a0\u00a0\u00a0\u00a0\u00a0\u00a0\u00a0\u00a016:10 hs: Sergio Oveja Hern\u00e1ndez \u00abHerramientas para liderar y trabajar en equipo\u00bb<\/p>\n<p>\u25cf\u00a0\u00a0\u00a0\u00a0\u00a0\u00a0\u00a0\u00a017:00 hs: Cierre<\/p>\n","protected":false},"excerpt":{"rendered":"<p>Con gran expectativa, el 2\u00b0 Foro Regional de Turismo del Norte ya cuenta con m\u00e1s de 1500 inscriptos para participar<\/p>\n","protected":false},"author":1,"featured_media":18042,"comment_status":"closed","ping_status":"closed","sticky":false,"template":"","format":"standard","meta":{"footnotes":"","jetpack_publicize_message":"","jetpack_publicize_feature_enabled":true,"jetpack_social_post_already_shared":true,"jetpack_social_options":{"image_generator_settings":{"template":"highway","enabled":false},"version":2}},"categories":[3],"tags":[],"class_list":["post-18041","post","type-post","status-publish","format-standard","has-post-thumbnail","hentry","category-sociedad"],"jetpack_publicize_connections":[],"_links":{"self":[{"href":"https:\/\/diariorepublica.com.ar\/web\/index.php\/wp-json\/wp\/v2\/posts\/18041"}],"collection":[{"href":"https:\/\/diariorepublica.com.ar\/web\/index.php\/wp-json\/wp\/v2\/posts"}],"about":[{"href":"https:\/\/diariorepublica.com.ar\/web\/index.php\/wp-json\/wp\/v2\/types\/post"}],"author":[{"embeddable":true,"href":"https:\/\/diariorepublica.com.ar\/web\/index.php\/wp-json\/wp\/v2\/users\/1"}],"replies":[{"embeddable":true,"href":"https:\/\/diariorepublica.com.ar\/web\/index.php\/wp-json\/wp\/v2\/comments?post=18041"}],"version-history":[{"count":1,"href":"https:\/\/diariorepublica.com.ar\/web\/index.php\/wp-json\/wp\/v2\/posts\/18041\/revisions"}],"predecessor-version":[{"id":18043,"href":"https:\/\/diariorepublica.com.ar\/web\/index.php\/wp-json\/wp\/v2\/posts\/18041\/revisions\/18043"}],"wp:featuredmedia":[{"embeddable":true,"href":"https:\/\/diariorepublica.com.ar\/web\/index.php\/wp-json\/wp\/v2\/media\/18042"}],"wp:attachment":[{"href":"https:\/\/diariorepublica.com.ar\/web\/index.php\/wp-json\/wp\/v2\/media?parent=18041"}],"wp:term":[{"taxonomy":"category","embeddable":true,"href":"https:\/\/diariorepublica.com.ar\/web\/index.php\/wp-json\/wp\/v2\/categories?post=18041"},{"taxonomy":"post_tag","embeddable":true,"href":"https:\/\/diariorepublica.com.ar\/web\/index.php\/wp-json\/wp\/v2\/tags?post=18041"}],"curies":[{"name":"wp","href":"https:\/\/api.w.org\/{rel}","templated":true}]}}