{"id":18044,"date":"2024-09-03T19:11:43","date_gmt":"2024-09-03T22:11:43","guid":{"rendered":"https:\/\/diariorepublica.com.ar\/web\/?p=18044"},"modified":"2024-09-03T19:11:45","modified_gmt":"2024-09-03T22:11:45","slug":"comenzo-la-obra-de-pavimentacion-de-la-ruta-43-en-la-puna-catamarquena","status":"publish","type":"post","link":"https:\/\/diariorepublica.com.ar\/web\/index.php\/sociedad\/2024\/09\/03\/comenzo-la-obra-de-pavimentacion-de-la-ruta-43-en-la-puna-catamarquena\/","title":{"rendered":"Comenz\u00f3 la obra de pavimentaci\u00f3n de la Ruta 43 en la Puna catamarque\u00f1a"},"content":{"rendered":"<p>En un hecho hist\u00f3rico, este martes el gobernador Ra\u00fal Jalil, acompa\u00f1ado del intendente de Antofagasta de la Sierra, Mario Cusipuma, y del vicegobernador Rub\u00e9n Dusso, puso en marcha la obra b\u00e1sica y pavimentaci\u00f3n de Ruta Provincial N\u00b043, tramo Villa de Antofagasta de la Sierra-L\u00edmite con Salta.<\/p>\n<p>Tambi\u00e9n estuvieron presentes las autoridades de Loro Piana, Adolfo Bottari, Emanuela Carletti y Eric Darrieus; la secretaria de Desarrollo Agropecuario de Salta, Milagros Patr\u00f3n Costa; el director de Vialidad Provincial, Fernando Castillo, entre otras autoridades.<\/p>\n<p>El gobernador Ra\u00fal Jalil asegur\u00f3 que \u201cesta obra de infraestructura vial no solo potenciar\u00e1 la industria minera, sino que tambi\u00e9n mejorar\u00e1 la calidad de vida de todos los habitantes de la Puna\u201d.<\/p>\n<p>El proyecto de la Ruta 43 en la Puna catamarque\u00f1a es impulsado por el Gobierno provincial con aportes extras de las empresas mineras que operan en la regi\u00f3n. La obra, que comprende un total de 112 kil\u00f3metros, es crucial para mejorar la conectividad y el desarrollo de la zona, beneficiando tanto a la industria minera como a las comunidades locales.<\/p>\n<p>En esta primera etapa, se construir\u00e1n 60 kil\u00f3metros de la Ruta 43, conectando la Villa de Antofagasta de la Sierra con el l\u00edmite con Salta. Este tramo permitir\u00e1 mejorar significativamente el acceso a servicios y oportunidades en la puna, reforzando el desarrollo econ\u00f3mico y social de la regi\u00f3n.<\/p>\n<p>Se espera que la pavimentaci\u00f3n de este tramo consolide el papel de la Ruta 43 como un eje vial clave en la puna catamarque\u00f1a, facilitando el transporte y promoviendo el desarrollo regional. Es importante recordar que el Gobierno provincial ha logrado pavimentar todo el camino hasta Antofagasta de la Sierra por Ruta 43, con la reciente finalizaci\u00f3n del \u00faltimo tramo de los 25 kil\u00f3metros comprendidos entre Villa Vil y Cuesta de Randolfo.<\/p>\n","protected":false},"excerpt":{"rendered":"<p>En un hecho hist\u00f3rico, este martes el gobernador Ra\u00fal Jalil, acompa\u00f1ado del intendente de Antofagasta de la Sierra, Mario Cusipuma,<\/p>\n","protected":false},"author":1,"featured_media":18045,"comment_status":"closed","ping_status":"closed","sticky":false,"template":"","format":"standard","meta":{"footnotes":"","jetpack_publicize_message":"","jetpack_publicize_feature_enabled":true,"jetpack_social_post_already_shared":true,"jetpack_social_options":{"image_generator_settings":{"template":"highway","enabled":false},"version":2}},"categories":[3],"tags":[],"class_list":["post-18044","post","type-post","status-publish","format-standard","has-post-thumbnail","hentry","category-sociedad"],"jetpack_publicize_connections":[],"_links":{"self":[{"href":"https:\/\/diariorepublica.com.ar\/web\/index.php\/wp-json\/wp\/v2\/posts\/18044"}],"collection":[{"href":"https:\/\/diariorepublica.com.ar\/web\/index.php\/wp-json\/wp\/v2\/posts"}],"about":[{"href":"https:\/\/diariorepublica.com.ar\/web\/index.php\/wp-json\/wp\/v2\/types\/post"}],"author":[{"embeddable":true,"href":"https:\/\/diariorepublica.com.ar\/web\/index.php\/wp-json\/wp\/v2\/users\/1"}],"replies":[{"embeddable":true,"href":"https:\/\/diariorepublica.com.ar\/web\/index.php\/wp-json\/wp\/v2\/comments?post=18044"}],"version-history":[{"count":1,"href":"https:\/\/diariorepublica.com.ar\/web\/index.php\/wp-json\/wp\/v2\/posts\/18044\/revisions"}],"predecessor-version":[{"id":18046,"href":"https:\/\/diariorepublica.com.ar\/web\/index.php\/wp-json\/wp\/v2\/posts\/18044\/revisions\/18046"}],"wp:featuredmedia":[{"embeddable":true,"href":"https:\/\/diariorepublica.com.ar\/web\/index.php\/wp-json\/wp\/v2\/media\/18045"}],"wp:attachment":[{"href":"https:\/\/diariorepublica.com.ar\/web\/index.php\/wp-json\/wp\/v2\/media?parent=18044"}],"wp:term":[{"taxonomy":"category","embeddable":true,"href":"https:\/\/diariorepublica.com.ar\/web\/index.php\/wp-json\/wp\/v2\/categories?post=18044"},{"taxonomy":"post_tag","embeddable":true,"href":"https:\/\/diariorepublica.com.ar\/web\/index.php\/wp-json\/wp\/v2\/tags?post=18044"}],"curies":[{"name":"wp","href":"https:\/\/api.w.org\/{rel}","templated":true}]}}