{"id":18056,"date":"2024-09-03T19:29:00","date_gmt":"2024-09-03T22:29:00","guid":{"rendered":"https:\/\/diariorepublica.com.ar\/web\/?p=18056"},"modified":"2024-09-03T19:20:45","modified_gmt":"2024-09-03T22:20:45","slug":"detuvieron-a-un-hombre-acusado-por-los-incendios-en-cordoba","status":"publish","type":"post","link":"https:\/\/diariorepublica.com.ar\/web\/index.php\/nacionales\/2024\/09\/03\/detuvieron-a-un-hombre-acusado-por-los-incendios-en-cordoba\/","title":{"rendered":"Detuvieron a un hombre acusado por los incendios en C\u00f3rdoba"},"content":{"rendered":"<p>Un hombre fue detenido acusado de provocar los intensos incendios en el departamento Calamuchita y otras localidades serranas de C\u00f3rdoba.<\/p>\n<p>El Ministerio P\u00fablico Fiscal de C\u00f3rdoba inform\u00f3 que la fiscal Paula del Luj\u00e1n Bruera, titular de la Fiscal\u00eda de Instrucci\u00f3n y Primer Turno de R\u00edo Tercero, orden\u00f3 la detenci\u00f3n y la imputaci\u00f3n de un mayor de edad por el delito de Incendio Culposo agravado en Yacanto, El Durazno.<\/p>\n<p>En este sentido, a trav\u00e9s de un comunicado, el MPF indic\u00f3 que el sujeto reside en la zona y fue identificado tras el trabajo de la Fiscal\u00eda, la Divisi\u00f3n de Investigaciones de Calamuchita, el grupo especializado de Bomberos de C\u00f3rdoba y personal de DUAR.<\/p>\n<p>En tanto, los focos \u00edgneos no dan tregua y en las \u00faltimas horas las autoridades debieron evacuar un barrio privado por el avance del fuego sin control, que ya afect\u00f3 a casi siete mil hect\u00e1reas.<\/p>\n<p>De acuerdo a lo informado por los brigadistas, en estos momentos trabajaban alrededor de 200 bomberos y todav\u00eda hab\u00eda tres focos activos que, por los fuertes vientos, est\u00e1n lejos de apagarse.<\/p>\n<p>En esta l\u00ednea, detallaron que las llamas ya alcanzaron viviendas en Villa Yacanto y El Durazno, y en las \u00faltimas horas un barrio privado tambi\u00e9n fue evacuado.<\/p>\n<p>El gobierno de C\u00f3rdoba inform\u00f3 que \u00aben las zonas afectadas est\u00e1n desplegados cuarteles de bomberos, personal del ETAC y del Plan Provincial de Manejo del Fuego\u00bb.<\/p>\n<p>Aunque las autoridades est\u00e1n alertas por el avance del fuego, indicaron que, gracias al trabajo de los bomberos, \u00abse logr\u00f3 contener los focos que el lunes se hab\u00edan desatado en Cosqu\u00edn y Malague\u00f1o\u00bb.<\/p>\n<p>\u00abAmbos se encuentran con muy poca actividad, con per\u00edmetros inestables y bajo guardia de cenizas\u00bb, se\u00f1alaron.<\/p>\n<p>Al mismo tiempo, confirmaron que por el momento no hay que lamentar heridos ni v\u00edctimas fatales, pero s\u00ed mostraron preocupaci\u00f3n por los animales que habitan en la zona.<\/p>\n<p>El responsable de la Secretar\u00eda de Gesti\u00f3n de Riesgo Clim\u00e1tico, Roberto Schreiner, explic\u00f3 que en la noche del lunes hubo r\u00e1fagas de entre 60 y 70 kil\u00f3metros por hora lo que agudiz\u00f3 la problem\u00e1tica.<\/p>\n<p>Adem\u00e1s, destac\u00f3 que ese incendio \u00abalcanz\u00f3 unos cinco kil\u00f3metros de largo y se desplaz\u00f3 a bastante velocidad impulsado por las r\u00e1fagas de viento\u00bb.<\/p>\n<p>Este lunes hubo una m\u00e1xima de 31 grados, mientras que para los pr\u00f3ximos d\u00edas las temperaturas bajar\u00e1n, aunque el viento, la humedad y la falta de lluvias ser\u00e1n protagonistas.<\/p>\n<p>Fuente: NA.<\/p>\n","protected":false},"excerpt":{"rendered":"<p>Un hombre fue detenido acusado de provocar los intensos incendios en el departamento Calamuchita y otras localidades serranas de C\u00f3rdoba.<\/p>\n","protected":false},"author":1,"featured_media":18057,"comment_status":"closed","ping_status":"closed","sticky":false,"template":"","format":"standard","meta":{"footnotes":"","jetpack_publicize_message":"","jetpack_publicize_feature_enabled":true,"jetpack_social_post_already_shared":true,"jetpack_social_options":{"image_generator_settings":{"template":"highway","enabled":false},"version":2}},"categories":[4],"tags":[],"class_list":["post-18056","post","type-post","status-publish","format-standard","has-post-thumbnail","hentry","category-nacionales"],"jetpack_publicize_connections":[],"_links":{"self":[{"href":"https:\/\/diariorepublica.com.ar\/web\/index.php\/wp-json\/wp\/v2\/posts\/18056"}],"collection":[{"href":"https:\/\/diariorepublica.com.ar\/web\/index.php\/wp-json\/wp\/v2\/posts"}],"about":[{"href":"https:\/\/diariorepublica.com.ar\/web\/index.php\/wp-json\/wp\/v2\/types\/post"}],"author":[{"embeddable":true,"href":"https:\/\/diariorepublica.com.ar\/web\/index.php\/wp-json\/wp\/v2\/users\/1"}],"replies":[{"embeddable":true,"href":"https:\/\/diariorepublica.com.ar\/web\/index.php\/wp-json\/wp\/v2\/comments?post=18056"}],"version-history":[{"count":1,"href":"https:\/\/diariorepublica.com.ar\/web\/index.php\/wp-json\/wp\/v2\/posts\/18056\/revisions"}],"predecessor-version":[{"id":18058,"href":"https:\/\/diariorepublica.com.ar\/web\/index.php\/wp-json\/wp\/v2\/posts\/18056\/revisions\/18058"}],"wp:featuredmedia":[{"embeddable":true,"href":"https:\/\/diariorepublica.com.ar\/web\/index.php\/wp-json\/wp\/v2\/media\/18057"}],"wp:attachment":[{"href":"https:\/\/diariorepublica.com.ar\/web\/index.php\/wp-json\/wp\/v2\/media?parent=18056"}],"wp:term":[{"taxonomy":"category","embeddable":true,"href":"https:\/\/diariorepublica.com.ar\/web\/index.php\/wp-json\/wp\/v2\/categories?post=18056"},{"taxonomy":"post_tag","embeddable":true,"href":"https:\/\/diariorepublica.com.ar\/web\/index.php\/wp-json\/wp\/v2\/tags?post=18056"}],"curies":[{"name":"wp","href":"https:\/\/api.w.org\/{rel}","templated":true}]}}