{"id":18059,"date":"2024-09-03T19:24:30","date_gmt":"2024-09-03T22:24:30","guid":{"rendered":"https:\/\/diariorepublica.com.ar\/web\/?p=18059"},"modified":"2024-09-03T19:24:32","modified_gmt":"2024-09-03T22:24:32","slug":"la-municipalidad-llego-a-un-nuevo-acuerdo-salarial-con-el-soem","status":"publish","type":"post","link":"https:\/\/diariorepublica.com.ar\/web\/index.php\/locales\/2024\/09\/03\/la-municipalidad-llego-a-un-nuevo-acuerdo-salarial-con-el-soem\/","title":{"rendered":"La Municipalidad lleg\u00f3 a un nuevo acuerdo salarial con el SOEM"},"content":{"rendered":"<p>La Municipalidad de la Capital firm\u00f3 un nuevo acuerdo salarial con el Sindicato de Obreros y Empleados Municipales, mediante el cual se resolvi\u00f3 una nueva mejora de sueldos para los trabajadores capitalinos, que en este caso ser\u00e1 del 25 por ciento a efectivizarse en tres partes.<\/p>\n<p>El secretario de Gobierno y Coordinaci\u00f3n de la comuna, Fernando Monguillot, rubric\u00f3 el documento junto con el secretario general del SOEM, Luis \u00c1lamo, que detalla los aumentos otorgados a los trabajadores.<\/p>\n<p>El 25 por ciento acordado se abonar\u00e1 en una primera cuota del 10 por ciento, a partir de agosto, sobre todos los conceptos vigentes a julio de este a\u00f1o, con excepci\u00f3n de las asignaciones familiares.<\/p>\n<p>La segunda cuota ser\u00e1 del 8 por ciento a partir de octubre, y la tercera cuota, del 7 por ciento, se pagar\u00e1 a partir de diciembre pr\u00f3ximo. El aumento rige para todos los trabajadores abarcados en la Ordenanza 1368\/86 del Estatuto de Obreros y Empleados Municipales.<\/p>\n<p>Se dispuso tambi\u00e9n un incremento del 10 por ciento en el adicional por presentismo, y un aumento del 5 por ciento en el adicional por antig\u00fcedad (desde la categor\u00eda 1 a la 11 inclusive), que se efectivizan a partir de octubre de este a\u00f1o.<\/p>\n<p>La Municipalidad y el sindicato volver\u00e1n a reunirse en la segunda mitad de febrero del a\u00f1o que viene, para evaluar la evoluci\u00f3n de la situaci\u00f3n econ\u00f3mica y su impacto en los salarios.<\/p>\n","protected":false},"excerpt":{"rendered":"<p>La Municipalidad de la Capital firm\u00f3 un nuevo acuerdo salarial con el Sindicato de Obreros y Empleados Municipales, mediante el<\/p>\n","protected":false},"author":1,"featured_media":18060,"comment_status":"closed","ping_status":"closed","sticky":false,"template":"","format":"standard","meta":{"footnotes":"","jetpack_publicize_message":"","jetpack_publicize_feature_enabled":true,"jetpack_social_post_already_shared":true,"jetpack_social_options":{"image_generator_settings":{"template":"highway","enabled":false},"version":2}},"categories":[2],"tags":[],"class_list":["post-18059","post","type-post","status-publish","format-standard","has-post-thumbnail","hentry","category-locales"],"jetpack_publicize_connections":[],"_links":{"self":[{"href":"https:\/\/diariorepublica.com.ar\/web\/index.php\/wp-json\/wp\/v2\/posts\/18059"}],"collection":[{"href":"https:\/\/diariorepublica.com.ar\/web\/index.php\/wp-json\/wp\/v2\/posts"}],"about":[{"href":"https:\/\/diariorepublica.com.ar\/web\/index.php\/wp-json\/wp\/v2\/types\/post"}],"author":[{"embeddable":true,"href":"https:\/\/diariorepublica.com.ar\/web\/index.php\/wp-json\/wp\/v2\/users\/1"}],"replies":[{"embeddable":true,"href":"https:\/\/diariorepublica.com.ar\/web\/index.php\/wp-json\/wp\/v2\/comments?post=18059"}],"version-history":[{"count":1,"href":"https:\/\/diariorepublica.com.ar\/web\/index.php\/wp-json\/wp\/v2\/posts\/18059\/revisions"}],"predecessor-version":[{"id":18061,"href":"https:\/\/diariorepublica.com.ar\/web\/index.php\/wp-json\/wp\/v2\/posts\/18059\/revisions\/18061"}],"wp:featuredmedia":[{"embeddable":true,"href":"https:\/\/diariorepublica.com.ar\/web\/index.php\/wp-json\/wp\/v2\/media\/18060"}],"wp:attachment":[{"href":"https:\/\/diariorepublica.com.ar\/web\/index.php\/wp-json\/wp\/v2\/media?parent=18059"}],"wp:term":[{"taxonomy":"category","embeddable":true,"href":"https:\/\/diariorepublica.com.ar\/web\/index.php\/wp-json\/wp\/v2\/categories?post=18059"},{"taxonomy":"post_tag","embeddable":true,"href":"https:\/\/diariorepublica.com.ar\/web\/index.php\/wp-json\/wp\/v2\/tags?post=18059"}],"curies":[{"name":"wp","href":"https:\/\/api.w.org\/{rel}","templated":true}]}}